{"id":19009,"date":"2017-10-30T13:53:59","date_gmt":"2017-10-30T18:53:59","guid":{"rendered":"https:\/\/emisora.univalle.edu.co\/?p=19009"},"modified":"2017-11-07T13:55:31","modified_gmt":"2017-11-07T18:55:31","slug":"concertando-las-politicas-de-la-oficina-de-asuntos-etnicos","status":"publish","type":"post","link":"https:\/\/emisora.univalle.edu.co\/index.php\/concertando-las-politicas-de-la-oficina-de-asuntos-etnicos\/","title":{"rendered":"Concertando las pol\u00edticas de la Oficina de Asuntos \u00c9tnicos"},"content":{"rendered":"<p>Miembros de las comunidades ind\u00edgenas y afrocolombianas de la Universidad del Valle se reunieron para construir las pol\u00edticas que regir\u00e1n la nueva Oficina de Asuntos \u00c9tnicos, la cual se encargar\u00e1 de atender las solicitudes y propuestas de los estudiantes pertenecientes a estas comunidades.<\/p>\n<p>\u201cCon este encuentro la Direcci\u00f3n Universitaria pretende modelar la construcci\u00f3n de la Oficina de Asuntos \u00c9tnicos con los estudiantes pertenecientes a las etnias ind\u00edgena, afrocolombiana, palenquera, raizal y poblaci\u00f3n negra. La idea es modelar una oficina \u2018de abajo hacia arriba\u2019, pues tradicionalmente la construcci\u00f3n de este tipo de pol\u00edticas se ha dado de manera tecnocr\u00e1tica. Sin embargo, la Universidad ha decidido apostar por una construcci\u00f3n colectiva desde la base\u201d, explic\u00f3 Alfonso Puchana Rojas, jefe de la secci\u00f3n de Desarrollo Humano y Promoci\u00f3n Socioecon\u00f3mica de la Universidad.<\/p>\n<p>Por su parte el estudiante de econom\u00eda Daniel Erick Obando, quien es representante estudiantil ante el Consejo Acad\u00e9mico, se\u00f1al\u00f3 que \u201cLa Oficina no pretende reemplazar las actividades de las organizaciones estudiantiles ya establecidas en Univalle, por el contrario, debe buscar la manera de fortalecer esas actividades que se hacen al interior de la Universidad y acompa\u00f1arlas a trav\u00e9s de mecanismos que permitan el mejoramiento de las condiciones de nuestros estudiantes\u201d.<\/p>\n<p>A su vez, el gobernador del Cabildo Ind\u00edgena Universitario Manuel Ussa dijo que \u201ccomo cabildo ind\u00edgena universitario, saludamos positivamente la creaci\u00f3n de una Oficina de Asuntos \u00c9tnicos, no sin antes mencionar que esta oficina debe fortalecer los espacios de di\u00e1logo directo con la Administraci\u00f3n Universitaria, para que, al menos una vez al semestre, podamos plantear lo que realmente buscamos como comunidades ind\u00edgenas y afros dentro de la Universidad\u201d.<\/p>\n<p>Tambi\u00e9n se\u00f1al\u00f3 que la Oficina debe permitir que los estudiantes tengan una buena adaptaci\u00f3n a la vida universitaria \u201cpara que pueda permanecer en sus estudios, que ejerzan plenamente sus derechos y puedan volver a sus comunidades para tejer conocimiento entre los dos mundos\u201d.<\/p>\n<p>Fuente: Agencia de Noticias Univalle<\/p>\n","protected":false},"excerpt":{"rendered":"<p>Miembros de las comunidades ind\u00edgenas y afrocolombianas de la Universidad del Valle se reunieron para construir las pol\u00edticas que regir\u00e1n la nueva Oficina de Asuntos \u00c9tnicos, la cual se encargar\u00e1 de atender las solicitudes y propuestas de los estudiantes pertenecientes a estas comunidades. \u201cCon este encuentro la Direcci\u00f3n Universitaria pretende[&#8230;]<\/p>\n","protected":false},"author":1,"featured_media":19010,"comment_status":"open","ping_status":"open","sticky":false,"template":"","format":"standard","meta":{"footnotes":""},"categories":[4],"tags":[],"_links":{"self":[{"href":"https:\/\/emisora.univalle.edu.co\/index.php\/wp-json\/wp\/v2\/posts\/19009"}],"collection":[{"href":"https:\/\/emisora.univalle.edu.co\/index.php\/wp-json\/wp\/v2\/posts"}],"about":[{"href":"https:\/\/emisora.univalle.edu.co\/index.php\/wp-json\/wp\/v2\/types\/post"}],"author":[{"embeddable":true,"href":"https:\/\/emisora.univalle.edu.co\/index.php\/wp-json\/wp\/v2\/users\/1"}],"replies":[{"embeddable":true,"href":"https:\/\/emisora.univalle.edu.co\/index.php\/wp-json\/wp\/v2\/comments?post=19009"}],"version-history":[{"count":1,"href":"https:\/\/emisora.univalle.edu.co\/index.php\/wp-json\/wp\/v2\/posts\/19009\/revisions"}],"predecessor-version":[{"id":19011,"href":"https:\/\/emisora.univalle.edu.co\/index.php\/wp-json\/wp\/v2\/posts\/19009\/revisions\/19011"}],"wp:featuredmedia":[{"embeddable":true,"href":"https:\/\/emisora.univalle.edu.co\/index.php\/wp-json\/wp\/v2\/media\/19010"}],"wp:attachment":[{"href":"https:\/\/emisora.univalle.edu.co\/index.php\/wp-json\/wp\/v2\/media?parent=19009"}],"wp:term":[{"taxonomy":"category","embeddable":true,"href":"https:\/\/emisora.univalle.edu.co\/index.php\/wp-json\/wp\/v2\/categories?post=19009"},{"taxonomy":"post_tag","embeddable":true,"href":"https:\/\/emisora.univalle.edu.co\/index.php\/wp-json\/wp\/v2\/tags?post=19009"}],"curies":[{"name":"wp","href":"https:\/\/api.w.org\/{rel}","templated":true}]}}