{"id":19015,"date":"2017-10-31T14:00:15","date_gmt":"2017-10-31T19:00:15","guid":{"rendered":"https:\/\/emisora.univalle.edu.co\/?p=19015"},"modified":"2017-11-07T14:01:19","modified_gmt":"2017-11-07T19:01:19","slug":"avanza-la-semana-de-la-gestion-ambiental-universitaria","status":"publish","type":"post","link":"https:\/\/emisora.univalle.edu.co\/index.php\/avanza-la-semana-de-la-gestion-ambiental-universitaria\/","title":{"rendered":"Avanza la semana de la Gesti\u00f3n Ambiental Universitaria"},"content":{"rendered":"<p>Hasta el pr\u00f3ximo viernes 3 de noviembre se estar\u00e1 adelantando en el Campus de Mel\u00e9ndez de la Universidad del Valle la primera \u2018Semana de la Gesti\u00f3n Ambiental\u2019.<\/p>\n<p>Esta iniciativa tiene como prop\u00f3sito involucrar activamente a todos los miembros de la Universidad del Valle en la implementaci\u00f3n del Sistema de Gesti\u00f3n Ambiental Universitario-SIGAUV, el Sistema de Gesti\u00f3n Integral de Residuos S\u00f3lidos-SGIRS y el Programa de Manejo Silvicultural.<\/p>\n<p>Seg\u00fan lo explica Sergio Andr\u00e9s Cardona, jefe de la Secci\u00f3n de Servicios Varios de la Universidad del Valle, durante esta semana se mostrar\u00e1n todos los proyectos que est\u00e1 realizando la universidad para mejorar su calidad ambiental en el marco del programa \u2018Campus Sostenible\u2019.<\/p>\n<p>\u201cBuscamos que la comunidad estudiantil se sensibilice mediante las buenas pr\u00e1cticas ambientales y se puedan integrar a los proyectos de sostenibilidad que adelanta la universidad. Igualmente pretendemos destacar la importante labor que adelantan los aseadores y jardineros para mantener el bienestar de la ciudad universitaria\u201d, se\u00f1al\u00f3 el funcionario.<\/p>\n<p>Los proyectos son liderados por la Secci\u00f3n de Servicios Varios con apoyo del \u00c1rea de Gesti\u00f3n Ambiental de la Escuela de Ingenier\u00eda de los Recursos Naturales y del Ambiente &#8211; EIDENAR en cumplimiento de la Pol\u00edtica Ambiental, el Plan Estrat\u00e9gico de Desarrollo 2015-2025 y la estrategia de campus sustentables y sostenibles del Plan Program\u00e1tico 2016-2020.<\/p>\n<p>Durante toda la semana la comunidad universitaria podr\u00e1 disfrutar de estrategias l\u00fadicas y presentaciones art\u00edsticas, estaci\u00f3n de juegos, performances e intervenciones teatrales, que buscan socializar entre los estudiantes, docentes y empleados de la universidad, la Gu\u00eda de Buenas Pr\u00e1cticas Ambientales. \u201cMa\u00f1ana mi\u00e9rcoles estaremos adelantando la jornada \u2018Univalle limpia y bella\u2019, donde haremos una gran jornada de aseo alrededor del lago y del edificio de administraci\u00f3n central\u201d, dijo Cardona.<\/p>\n<p>Al finalizar la semana la meta es haber sensibilizado y comprometido a cada una de las personas que habitan el campus Mel\u00e9ndez, porque \u00a1en Univalle el ambiente lo hacemos todos!<\/p>\n<p>Consulte la programaci\u00f3n completa aqu\u00ed<\/p>\n<p>Fuente: Agencia de Noticias Univalle<\/p>\n","protected":false},"excerpt":{"rendered":"<p>Hasta el pr\u00f3ximo viernes 3 de noviembre se estar\u00e1 adelantando en el Campus de Mel\u00e9ndez de la Universidad del Valle la primera \u2018Semana de la Gesti\u00f3n Ambiental\u2019. Esta iniciativa tiene como prop\u00f3sito involucrar activamente a todos los miembros de la Universidad del Valle en la implementaci\u00f3n del Sistema de Gesti\u00f3n[&#8230;]<\/p>\n","protected":false},"author":1,"featured_media":19017,"comment_status":"open","ping_status":"open","sticky":false,"template":"","format":"standard","meta":{"footnotes":""},"categories":[4],"tags":[],"_links":{"self":[{"href":"https:\/\/emisora.univalle.edu.co\/index.php\/wp-json\/wp\/v2\/posts\/19015"}],"collection":[{"href":"https:\/\/emisora.univalle.edu.co\/index.php\/wp-json\/wp\/v2\/posts"}],"about":[{"href":"https:\/\/emisora.univalle.edu.co\/index.php\/wp-json\/wp\/v2\/types\/post"}],"author":[{"embeddable":true,"href":"https:\/\/emisora.univalle.edu.co\/index.php\/wp-json\/wp\/v2\/users\/1"}],"replies":[{"embeddable":true,"href":"https:\/\/emisora.univalle.edu.co\/index.php\/wp-json\/wp\/v2\/comments?post=19015"}],"version-history":[{"count":1,"href":"https:\/\/emisora.univalle.edu.co\/index.php\/wp-json\/wp\/v2\/posts\/19015\/revisions"}],"predecessor-version":[{"id":19016,"href":"https:\/\/emisora.univalle.edu.co\/index.php\/wp-json\/wp\/v2\/posts\/19015\/revisions\/19016"}],"wp:featuredmedia":[{"embeddable":true,"href":"https:\/\/emisora.univalle.edu.co\/index.php\/wp-json\/wp\/v2\/media\/19017"}],"wp:attachment":[{"href":"https:\/\/emisora.univalle.edu.co\/index.php\/wp-json\/wp\/v2\/media?parent=19015"}],"wp:term":[{"taxonomy":"category","embeddable":true,"href":"https:\/\/emisora.univalle.edu.co\/index.php\/wp-json\/wp\/v2\/categories?post=19015"},{"taxonomy":"post_tag","embeddable":true,"href":"https:\/\/emisora.univalle.edu.co\/index.php\/wp-json\/wp\/v2\/tags?post=19015"}],"curies":[{"name":"wp","href":"https:\/\/api.w.org\/{rel}","templated":true}]}}