{"id":19023,"date":"2017-11-01T14:03:31","date_gmt":"2017-11-01T19:03:31","guid":{"rendered":"https:\/\/emisora.univalle.edu.co\/?p=19023"},"modified":"2017-11-07T14:05:07","modified_gmt":"2017-11-07T19:05:07","slug":"ferrerias-colombianas-durante-el-siglo-xix-campo-o-comunidad-tecnica-en-el-aprendizaje-tecnologico","status":"publish","type":"post","link":"https:\/\/emisora.univalle.edu.co\/index.php\/ferrerias-colombianas-durante-el-siglo-xix-campo-o-comunidad-tecnica-en-el-aprendizaje-tecnologico\/","title":{"rendered":"Ferrer\u00edas colombianas durante el siglo XIX: campo o comunidad t\u00e9cnica en el aprendizaje tecnol\u00f3gico"},"content":{"rendered":"<p><a href=\"https:\/\/emisora.univalle.edu.co\/ferrerias-colombianas-durante-el-siglo-xix-campo-o-comunidad-tecnica-en-el-aprendizaje-tecnologico\/ferrerias\/\" rel=\"attachment wp-att-19024\"><img loading=\"lazy\" decoding=\"async\" class=\"alignleft size-full wp-image-19024\" src=\"https:\/\/emisora.univalle.edu.co\/wp-content\/uploads\/2017\/11\/ferrerias.jpg\" alt=\"\" width=\"400\" height=\"610\" srcset=\"https:\/\/emisora.univalle.edu.co\/wp-content\/uploads\/2017\/11\/ferrerias.jpg 400w, https:\/\/emisora.univalle.edu.co\/wp-content\/uploads\/2017\/11\/ferrerias-197x300.jpg 197w\" sizes=\"(max-width: 400px) 100vw, 400px\" \/><\/a>La conferencia \u2018Ferrer\u00edas colombianas durante el siglo XIX: campo o comunidad t\u00e9cnica en el aprendizaje tecnol\u00f3gico\u2019, que organiza el Departamento de Ciencias Sociales de la Universidad del Valle, ser\u00e1 el pr\u00f3ximo viernes 3 de noviembre a las 10.00 a.m. en el Auditorio Antonio J. Posada, edificio 387 del Campus de Mel\u00e9ndez.<\/p>\n<p>Como ferrer\u00edas se conocieron en Colombia los establecimientos que entre 1820 y 1930 extrajeron hierro para fabricar herramientas y m\u00e1quinas, haciendo una importante contribuci\u00f3n al desarrollo t\u00e9cnico nacional, aunque luego fracasaron. Fueron estas Pacho y La Pradera en Cundinamarca, Samac\u00e1 en Boyac\u00e1 y Amag\u00e1 en Antioquia.<\/p>\n<p>La conferencia, que se enmarca en el ciclo \u2018Charlas de los Viernes\u2019, corresponde a la presentaci\u00f3n de un informe de investigaci\u00f3n del profesor del Departamento de Ciencias Sociales Carlos Mej\u00eda Sanabria. En calidad de comentaristas estar\u00e1n los profesores Carlos Augusto Osorio de la Escuela de Ingenier\u00eda Industrial y Carlos Humberto Ortiz del Departamento de Econom\u00eda.<\/p>\n<p>El profesor Carlos Mej\u00eda Sanabria es soci\u00f3logo y mag\u00edster en sociolog\u00eda de la Universidad Nacional de Colombia y sus \u00e1reas de estudio e investigaci\u00f3n son el trabajo, tecnolog\u00eda, teor\u00edas sociol\u00f3gicas, clases sociales, marxismo cl\u00e1sico y contempor\u00e1neo, postmodernidad y estudios empresariales.<\/p>\n<p>La investigaci\u00f3n se propuso indagar por el origen, pr\u00e1cticas y caracter\u00edsticas de las comunidades o campos tecnol\u00f3gicos, -en el sentido de Pierre Bourdieu-, constituidos en el montaje de las ferrer\u00edas construidas en Colombia, en el siglo XIX, partiendo de transferencias de saber-hacer t\u00e9cnico, portadas por ingenieros y t\u00e9cnicos extranjeros, principalmente ingleses, franceses, alemanes y norteamericanos, hacia nacionales interesados en el aprendizaje de t\u00e9cnicas de la siderurgia y la metalmec\u00e1nica.<\/p>\n<p><strong>La entrada es libre.<\/strong><\/p>\n<p><strong>Informes:<\/strong><\/p>\n<p><strong>Facultad de Ciencias Sociales y Econ\u00f3micas<\/strong><\/p>\n<p><strong>Departamento de Ciencias Sociales<\/strong><\/p>\n<p><strong>Tel\u00e9fono: 321 2100 Ext: 2322<\/strong><\/p>\n<p><strong>Correo electr\u00f3nico: <\/strong><a href=\"mailto:desocial@correounivalle.edu.co\"><strong>desocial@correounivalle.edu.co<\/strong><\/a><\/p>\n<p>Fuente: Agencia de Noticias Univalle<\/p>\n","protected":false},"excerpt":{"rendered":"<p>La conferencia \u2018Ferrer\u00edas colombianas durante el siglo XIX: campo o comunidad t\u00e9cnica en el aprendizaje tecnol\u00f3gico\u2019, que organiza el Departamento de Ciencias Sociales de la Universidad del Valle, ser\u00e1 el pr\u00f3ximo viernes 3 de noviembre a las 10.00 a.m. en el Auditorio Antonio J. Posada, edificio 387 del Campus de[&#8230;]<\/p>\n","protected":false},"author":1,"featured_media":19025,"comment_status":"open","ping_status":"open","sticky":false,"template":"","format":"standard","meta":{"footnotes":""},"categories":[4],"tags":[],"_links":{"self":[{"href":"https:\/\/emisora.univalle.edu.co\/index.php\/wp-json\/wp\/v2\/posts\/19023"}],"collection":[{"href":"https:\/\/emisora.univalle.edu.co\/index.php\/wp-json\/wp\/v2\/posts"}],"about":[{"href":"https:\/\/emisora.univalle.edu.co\/index.php\/wp-json\/wp\/v2\/types\/post"}],"author":[{"embeddable":true,"href":"https:\/\/emisora.univalle.edu.co\/index.php\/wp-json\/wp\/v2\/users\/1"}],"replies":[{"embeddable":true,"href":"https:\/\/emisora.univalle.edu.co\/index.php\/wp-json\/wp\/v2\/comments?post=19023"}],"version-history":[{"count":2,"href":"https:\/\/emisora.univalle.edu.co\/index.php\/wp-json\/wp\/v2\/posts\/19023\/revisions"}],"predecessor-version":[{"id":19027,"href":"https:\/\/emisora.univalle.edu.co\/index.php\/wp-json\/wp\/v2\/posts\/19023\/revisions\/19027"}],"wp:featuredmedia":[{"embeddable":true,"href":"https:\/\/emisora.univalle.edu.co\/index.php\/wp-json\/wp\/v2\/media\/19025"}],"wp:attachment":[{"href":"https:\/\/emisora.univalle.edu.co\/index.php\/wp-json\/wp\/v2\/media?parent=19023"}],"wp:term":[{"taxonomy":"category","embeddable":true,"href":"https:\/\/emisora.univalle.edu.co\/index.php\/wp-json\/wp\/v2\/categories?post=19023"},{"taxonomy":"post_tag","embeddable":true,"href":"https:\/\/emisora.univalle.edu.co\/index.php\/wp-json\/wp\/v2\/tags?post=19023"}],"curies":[{"name":"wp","href":"https:\/\/api.w.org\/{rel}","templated":true}]}}