{"id":19028,"date":"2017-11-01T14:11:38","date_gmt":"2017-11-01T19:11:38","guid":{"rendered":"https:\/\/emisora.univalle.edu.co\/?p=19028"},"modified":"2017-11-07T14:12:39","modified_gmt":"2017-11-07T19:12:39","slug":"ascun-cumplio-60-anos","status":"publish","type":"post","link":"https:\/\/emisora.univalle.edu.co\/index.php\/ascun-cumplio-60-anos\/","title":{"rendered":"ASCUN cumpli\u00f3 60 a\u00f1os"},"content":{"rendered":"<p>Durante los actos conmemorativos de los 60 a\u00f1os de la Asociaci\u00f3n Colombiana de Universidades &#8211; ASCUN, que se llevaron a cabo en Bogot\u00e1 los d\u00edas 25 y 26 de octubre, las siete universidades fundadoras de la Asociaci\u00f3n, los rectores que han sido presidentes de ASCUN, entre ellos el exrector de la Universidad del Valle Iv\u00e1n Enrique Ramos Calder\u00f3n y el personal que ha prestado sus servicios por m\u00e1s de 20 a\u00f1os, recibieron un reconocimiento por su labor.<\/p>\n<p>Se reunieron tambi\u00e9n los directivos de las organizaciones que agrupan las universidades de Iberoam\u00e9rica y de Europa, rectores y ex rectores de instituciones de educaci\u00f3n superior colombianas y representantes de las asociaciones acad\u00e9micas nacionales y regionales en el Foro Internacional \u201cRetos y perspectivas sobre la autonom\u00eda universitaria\u201d.<\/p>\n<p>Los participantes hicieron parte de los paneles que permitieron mostrar el trabajo que adelanta la Asociaci\u00f3n Colombiana de Universidades, en conjunto con organizaciones regionales que agremian instituciones de educaci\u00f3n superior y facultades, en relaci\u00f3n con temas de inter\u00e9s actual como la defensa de la autonom\u00eda universitaria, los elementos para una pol\u00edtica p\u00fablica de regionalizaci\u00f3n de la educaci\u00f3n superior colombiana, la caracterizaci\u00f3n del profesor universitario, entre otros.<\/p>\n<p>Vale la pena destacar que ASCUN firm\u00f3 dos convenios de cooperaci\u00f3n acad\u00e9mica con la Asociaci\u00f3n Nacional de Universidades e Instituciones de Educaci\u00f3n Superior de M\u00e9xico \u2013ANUIES, con el Consejo Interuniversitario Nacional de Argentina &#8211; CIN y con el Consejo Superior Universitario Centroamericano \u2013 CSUCA que abren nuevas posibilidades de apoyo en investigaciones y fomentan la movilidad acad\u00e9mica de estudiantes y docentes.<\/p>\n<p>Carlos Hernando Forero Robayo, director ejecutivo de ASCUN present\u00f3 las publicaciones conmemorativas que se pueden consultar en www.ascunpublicaciones.org.co como la revista Pensamiento Universitario No. 27 y una recopilaci\u00f3n de los documentos que han servido de base para la construcci\u00f3n de las pol\u00edticas p\u00fablicas en educaci\u00f3n superior desde el a\u00f1o 1992.<\/p>\n<p>Adem\u00e1s entreg\u00f3 un informe con la gesti\u00f3n desarrollada durante el a\u00f1o 2017 y un documento titulado \u201cEl Profesor Universitario\u201d que consolida la caracterizaci\u00f3n del trabajo docente como producto de las experiencias de las universidades del pa\u00eds y las asociaciones de facultades y se prepara un documento que recopila las propuestas de la Universidad colombiana y que se entregar\u00e1 a los candidatos presidenciales.<\/p>\n<p>De esta manera se desarrollaron los actos conmemorativos de los 60 a\u00f1os de la Asociaci\u00f3n Colombiana de Universidades que deja valiosos aportes para la participaci\u00f3n de las instituciones de educaci\u00f3n superior del pa\u00eds en la Conferencia Regional de Educaci\u00f3n CRES 2018 y en la Conferencia Mundial de Educaci\u00f3n a la que convoca Unesco en el a\u00f1o 2019. Paralelamente la Asociaci\u00f3n adelantar\u00e1 agendas acad\u00e9micas espec\u00edficas durante el a\u00f1o 2018 con apoyo de los directivos de las universidades que integran las redes de trabajo de ASCUN.<\/p>\n<p>Fuente: Agencia de Noticias Univalle<\/p>\n","protected":false},"excerpt":{"rendered":"<p>Durante los actos conmemorativos de los 60 a\u00f1os de la Asociaci\u00f3n Colombiana de Universidades &#8211; ASCUN, que se llevaron a cabo en Bogot\u00e1 los d\u00edas 25 y 26 de octubre, las siete universidades fundadoras de la Asociaci\u00f3n, los rectores que han sido presidentes de ASCUN, entre ellos el exrector de[&#8230;]<\/p>\n","protected":false},"author":1,"featured_media":19029,"comment_status":"open","ping_status":"open","sticky":false,"template":"","format":"standard","meta":{"footnotes":""},"categories":[4],"tags":[],"_links":{"self":[{"href":"https:\/\/emisora.univalle.edu.co\/index.php\/wp-json\/wp\/v2\/posts\/19028"}],"collection":[{"href":"https:\/\/emisora.univalle.edu.co\/index.php\/wp-json\/wp\/v2\/posts"}],"about":[{"href":"https:\/\/emisora.univalle.edu.co\/index.php\/wp-json\/wp\/v2\/types\/post"}],"author":[{"embeddable":true,"href":"https:\/\/emisora.univalle.edu.co\/index.php\/wp-json\/wp\/v2\/users\/1"}],"replies":[{"embeddable":true,"href":"https:\/\/emisora.univalle.edu.co\/index.php\/wp-json\/wp\/v2\/comments?post=19028"}],"version-history":[{"count":1,"href":"https:\/\/emisora.univalle.edu.co\/index.php\/wp-json\/wp\/v2\/posts\/19028\/revisions"}],"predecessor-version":[{"id":19030,"href":"https:\/\/emisora.univalle.edu.co\/index.php\/wp-json\/wp\/v2\/posts\/19028\/revisions\/19030"}],"wp:featuredmedia":[{"embeddable":true,"href":"https:\/\/emisora.univalle.edu.co\/index.php\/wp-json\/wp\/v2\/media\/19029"}],"wp:attachment":[{"href":"https:\/\/emisora.univalle.edu.co\/index.php\/wp-json\/wp\/v2\/media?parent=19028"}],"wp:term":[{"taxonomy":"category","embeddable":true,"href":"https:\/\/emisora.univalle.edu.co\/index.php\/wp-json\/wp\/v2\/categories?post=19028"},{"taxonomy":"post_tag","embeddable":true,"href":"https:\/\/emisora.univalle.edu.co\/index.php\/wp-json\/wp\/v2\/tags?post=19028"}],"curies":[{"name":"wp","href":"https:\/\/api.w.org\/{rel}","templated":true}]}}