{"id":19036,"date":"2017-11-02T14:14:43","date_gmt":"2017-11-02T19:14:43","guid":{"rendered":"https:\/\/emisora.univalle.edu.co\/?p=19036"},"modified":"2017-11-14T13:56:00","modified_gmt":"2017-11-14T18:56:00","slug":"llega-la-segunda-version-del-festival-de-piano-universidad-del-valle","status":"publish","type":"post","link":"https:\/\/emisora.univalle.edu.co\/index.php\/llega-la-segunda-version-del-festival-de-piano-universidad-del-valle\/","title":{"rendered":"Llega la segunda versi\u00f3n del Festival de Piano Universidad del Valle"},"content":{"rendered":"<p><a href=\"https:\/\/emisora.univalle.edu.co\/llega-la-segunda-version-del-festival-de-piano-universidad-del-valle\/sergei-sichkov\/\" rel=\"attachment wp-att-19054\"><img loading=\"lazy\" decoding=\"async\" class=\"alignleft  wp-image-19054\" src=\"https:\/\/emisora.univalle.edu.co\/wp-content\/uploads\/2017\/11\/festival-de-piano6.jpg\" alt=\"\" width=\"291\" height=\"439\" srcset=\"https:\/\/emisora.univalle.edu.co\/wp-content\/uploads\/2017\/11\/festival-de-piano6.jpg 451w, https:\/\/emisora.univalle.edu.co\/wp-content\/uploads\/2017\/11\/festival-de-piano6-199x300.jpg 199w\" sizes=\"(max-width: 291px) 100vw, 291px\" \/><\/a>Del 14 al 17 de noviembre de 2017, Buga la Ciudad Se\u00f1ora se engalana con la segunda versi\u00f3n del Festival de Piano Univalle Buga.<\/p>\n<p>Este evento organizado por el Programa de Licenciatura en M\u00fasica de la Universidad del Valle sede Buga, tendr\u00e1 como escenario principal el paraninfo del claustro universitario, todos y cada uno de los eventos con entrada libre para la comunidad universitaria y el p\u00fablico en general, a su vez, se impartir\u00e1n clases magistrales con los artistas invitados para los estudiantes de las diferentes facultades de m\u00fasica de la regi\u00f3n.<\/p>\n<p>El festival, una iniciativa que lidera la Universidad del Valle se realiza por segundo a\u00f1o consecutivo con el objetivo posicionarse en el \u00e1mbito cultural vallecaucano como unos de los eventos de mayor trascendencia a nivel nacional, con la participaci\u00f3n de artistas de alta calidad musical y reconocida trayectoria internacional, este festival ofrecer\u00e1 a la comunidad una muestra de una de las manifestaciones m\u00e1s exigentes a nivel art\u00edstico y t\u00e9cnico del \u00e1mbito de la m\u00fasica universal.<\/p>\n<p>Es pues, el segundo Festival de Piano una oportunidad en la que p\u00fablico general, estudiantes, artistas, humanistas y turistas podr\u00e1n encontrar una propuesta diferente para el deleite musical y el goce art\u00edstico en la ciudad de Guadalajara de Buga, uno de los destinos culturales m\u00e1s importantes de la regi\u00f3n.<\/p>\n<p><a href=\"https:\/\/emisora.univalle.edu.co\/llega-la-segunda-version-del-festival-de-piano-universidad-del-valle\/festival-de-piano5\/\" rel=\"attachment wp-att-19053\"><img loading=\"lazy\" decoding=\"async\" class=\"wp-image-19053 alignright\" src=\"https:\/\/emisora.univalle.edu.co\/wp-content\/uploads\/2017\/11\/festival-de-piano5.jpg\" alt=\"\" width=\"410\" height=\"188\" srcset=\"https:\/\/emisora.univalle.edu.co\/wp-content\/uploads\/2017\/11\/festival-de-piano5.jpg 451w, https:\/\/emisora.univalle.edu.co\/wp-content\/uploads\/2017\/11\/festival-de-piano5-300x138.jpg 300w\" sizes=\"(max-width: 410px) 100vw, 410px\" \/><\/a>En la segunda versi\u00f3n del festival de piano Univalle Buga, contaremos\u00a0 con la presencia de destacados maestros tanto internacionales como locales, que cuentan con un importante reconocimiento en la escena musical, entre ellos, el pianista ruso Sergey Sychkov, actualmente pianista de la Orquesta Sinf\u00f3nica de Colombia, quien a su vez, se desempe\u00f1a como docente y pianista acompa\u00f1ante en las escuelas de m\u00fasica de las universidades Javeriana, El Bosque, los Andes y Nacional de Colombia, Germ\u00e1n Dar\u00edo P\u00e9rez ,el compositor m\u00e1s premiado en la historia de los festivales de m\u00fasica andina colombiana, en el campo instrumental, director del Tr\u00edo Nueva Colombia, ha logrado con su m\u00fasica marcar un estilo propio, sus experimentos tempranos realizados sobre la base de un conocimiento s\u00f3lido de nuestro folklore, dejaron huella y pasaron de ser experimentos a convertirse referencia obligada dentro de la m\u00fasica andina colombiana.<\/p>\n<p><a href=\"https:\/\/emisora.univalle.edu.co\/llega-la-segunda-version-del-festival-de-piano-universidad-del-valle\/festival-de-piano4\/\" rel=\"attachment wp-att-19052\"><img loading=\"lazy\" decoding=\"async\" class=\"alignleft  wp-image-19052\" src=\"https:\/\/emisora.univalle.edu.co\/wp-content\/uploads\/2017\/11\/festival-de-piano4.jpg\" alt=\"\" width=\"289\" height=\"192\" srcset=\"https:\/\/emisora.univalle.edu.co\/wp-content\/uploads\/2017\/11\/festival-de-piano4.jpg 451w, https:\/\/emisora.univalle.edu.co\/wp-content\/uploads\/2017\/11\/festival-de-piano4-300x200.jpg 300w\" sizes=\"(max-width: 289px) 100vw, 289px\" \/><\/a>Y artistas de esta nueva generaci\u00f3n de la calidad de la pianista Laura Rosales, quien ha representado a Colombia en el \u201cSchlern International Music Festival\u201d (2012) en Italia, en el \u201cFestival Internacional de M\u00fasica en Santiago de Compostela\u201d, Espa\u00f1a (2016), y en tres oportunidades como becaria en el \u201cCartagena Festival Internacional de M\u00fasica\u201d. En el a\u00f1o 2017 le fue otorgado el premio \u201cPersonaje ilustre e hija ejemplar de la ciudad\u201d, reconocimiento entregado por el Concejo Municipal de Palmira.<\/p>\n<p><a href=\"https:\/\/emisora.univalle.edu.co\/llega-la-segunda-version-del-festival-de-piano-universidad-del-valle\/festival-de-piano3\/\" rel=\"attachment wp-att-19051\"><img loading=\"lazy\" decoding=\"async\" class=\"wp-image-19051 alignright\" src=\"https:\/\/emisora.univalle.edu.co\/wp-content\/uploads\/2017\/11\/festival-de-piano3.jpg\" alt=\"\" width=\"369\" height=\"215\" srcset=\"https:\/\/emisora.univalle.edu.co\/wp-content\/uploads\/2017\/11\/festival-de-piano3.jpg 451w, https:\/\/emisora.univalle.edu.co\/wp-content\/uploads\/2017\/11\/festival-de-piano3-300x175.jpg 300w\" sizes=\"(max-width: 369px) 100vw, 369px\" \/><\/a>Estos y otros pianistas de gran talla musical har\u00e1n parte de este festival que busca ampliar el alcance de la m\u00fasica cl\u00e1sica en beneficio de cada uno de los asistentes, dando la oportunidad de escuchar este tipo de m\u00fasica a trav\u00e9s de recitales, conciertos y de sus manifestaciones en los diferentes periodos de la historia musical, formando y promoviendo el aprendizaje musical instrumental de los vallecaucanos, acompa\u00f1\u00e1ndolo de talleres y conversatorios con el prop\u00f3sito de impulsar la formaci\u00f3n de nuevos artistas, y as\u00ed desarrollar el potencial del festival como instrumento para apoyar el talento y el desarrollo profesional de los m\u00fasicos y gestores culturales de la regi\u00f3n.<\/p>\n<p>\u00a1Los esperamos con los brazos abiertos y buena m\u00fasica!<\/p>\n<p>Para mayor informaci\u00f3n de conciertos, clases magistrales y conversatorios comunicarse a los siguientes n\u00fameros telef\u00f3nicos 313 818 3423 \u2013 316 533 4922<\/p>\n<p><a href=\"https:\/\/emisora.univalle.edu.co\/llega-la-segunda-version-del-festival-de-piano-universidad-del-valle\/ii-festival-de-piano\/\" rel=\"attachment wp-att-19055\"><img loading=\"lazy\" decoding=\"async\" class=\"size-full wp-image-19055 aligncenter\" src=\"https:\/\/emisora.univalle.edu.co\/wp-content\/uploads\/2017\/11\/ii-festival-de-piano.png\" alt=\"\" width=\"913\" height=\"467\" srcset=\"https:\/\/emisora.univalle.edu.co\/wp-content\/uploads\/2017\/11\/ii-festival-de-piano.png 913w, https:\/\/emisora.univalle.edu.co\/wp-content\/uploads\/2017\/11\/ii-festival-de-piano-300x153.png 300w, https:\/\/emisora.univalle.edu.co\/wp-content\/uploads\/2017\/11\/ii-festival-de-piano-768x393.png 768w, https:\/\/emisora.univalle.edu.co\/wp-content\/uploads\/2017\/11\/ii-festival-de-piano-560x286.png 560w\" sizes=\"(max-width: 913px) 100vw, 913px\" \/><\/a><\/p>\n<p>Fuente: Ana Cristina Arguelles Orozco Coordinadora de Medios y Comunicaciones II Festival de Piano Univalle Buga<\/p>\n","protected":false},"excerpt":{"rendered":"<p>Del 14 al 17 de noviembre de 2017, Buga la Ciudad Se\u00f1ora se engalana con la segunda versi\u00f3n del Festival de Piano Univalle Buga. Este evento organizado por el Programa de Licenciatura en M\u00fasica de la Universidad del Valle sede Buga, tendr\u00e1 como escenario principal el paraninfo del claustro universitario,[&#8230;]<\/p>\n","protected":false},"author":1,"featured_media":19049,"comment_status":"open","ping_status":"open","sticky":false,"template":"","format":"standard","meta":{"footnotes":""},"categories":[4],"tags":[],"_links":{"self":[{"href":"https:\/\/emisora.univalle.edu.co\/index.php\/wp-json\/wp\/v2\/posts\/19036"}],"collection":[{"href":"https:\/\/emisora.univalle.edu.co\/index.php\/wp-json\/wp\/v2\/posts"}],"about":[{"href":"https:\/\/emisora.univalle.edu.co\/index.php\/wp-json\/wp\/v2\/types\/post"}],"author":[{"embeddable":true,"href":"https:\/\/emisora.univalle.edu.co\/index.php\/wp-json\/wp\/v2\/users\/1"}],"replies":[{"embeddable":true,"href":"https:\/\/emisora.univalle.edu.co\/index.php\/wp-json\/wp\/v2\/comments?post=19036"}],"version-history":[{"count":3,"href":"https:\/\/emisora.univalle.edu.co\/index.php\/wp-json\/wp\/v2\/posts\/19036\/revisions"}],"predecessor-version":[{"id":19065,"href":"https:\/\/emisora.univalle.edu.co\/index.php\/wp-json\/wp\/v2\/posts\/19036\/revisions\/19065"}],"wp:featuredmedia":[{"embeddable":true,"href":"https:\/\/emisora.univalle.edu.co\/index.php\/wp-json\/wp\/v2\/media\/19049"}],"wp:attachment":[{"href":"https:\/\/emisora.univalle.edu.co\/index.php\/wp-json\/wp\/v2\/media?parent=19036"}],"wp:term":[{"taxonomy":"category","embeddable":true,"href":"https:\/\/emisora.univalle.edu.co\/index.php\/wp-json\/wp\/v2\/categories?post=19036"},{"taxonomy":"post_tag","embeddable":true,"href":"https:\/\/emisora.univalle.edu.co\/index.php\/wp-json\/wp\/v2\/tags?post=19036"}],"curies":[{"name":"wp","href":"https:\/\/api.w.org\/{rel}","templated":true}]}}