{"id":19072,"date":"2017-11-03T14:30:03","date_gmt":"2017-11-03T19:30:03","guid":{"rendered":"https:\/\/emisora.univalle.edu.co\/?p=19072"},"modified":"2017-11-07T14:31:06","modified_gmt":"2017-11-07T19:31:06","slug":"seminario-para-arquitectos-la-representacion-del-proyecto","status":"publish","type":"post","link":"https:\/\/emisora.univalle.edu.co\/index.php\/seminario-para-arquitectos-la-representacion-del-proyecto\/","title":{"rendered":"Seminario para arquitectos: La Representaci\u00f3n del proyecto"},"content":{"rendered":"<p>La Facultad de Artes Integradas invita al VI Seminario \u201cLa Representaci\u00f3n del proyecto: \u201csostenibilidad y medio ambiente\u201d, en el cual se compartir\u00e1n experiencias acad\u00e9micas en docencia, investigaci\u00f3n y extensi\u00f3n en torno a la sostenibilidad, el medio ambiente y la problem\u00e1tica de la representaci\u00f3n del proyecto en la arquitectura.<\/p>\n<p>El seminario, que se realizar\u00e1 durante el 8, 9 y 10 de noviembre en el Auditorio Carlos Restrepo y el Edificio 380, es organizado por la Escuela de Arquitectura de la Universidad del Valle, en conjunto con la Universidad Nacional de Colombia- sede Medell\u00edn y la Universidad del Norte de Barranquilla.<\/p>\n<p>El evento compuesto por conferencias principales, ponencias y talleres, tendr\u00e1 en esta versi\u00f3n invitados internacionales como Paola Sanguinetti de la Universidad de Kansas- Estados Unidos, quien hablar\u00e1 de los desaf\u00edos para la arquitectura sustentable y Daniel Cardoso Llach de la Universidad Carnegie Mellon- Estados Unidos, con la conferencia \u201cdise\u00f1o interfaz: notas sobre computaci\u00f3n y creatividad\u201d.<\/p>\n<p>Adem\u00e1s, como parte de los conferencistas principales estar\u00e1 Mar\u00eda Andrea Triana, quien es egresada del Programa de Arquitectura de la Universidad del Valle y actualmente es directora de DUX Arquitectura e Ingenier\u00eda Bioclim\u00e1tica- Brasil, donde trabaja con proyectos y \u00e9nfasis en consultor\u00eda en arquitectura bioclim\u00e1tica y eficiencia energ\u00e9tica.<\/p>\n<p>Como ponentes estar\u00e1n invitados de la Universidad de Sonora, M\u00e9xico y de Universidades locales como la Universidad Nacional de Colombia- Sede Medell\u00edn, Universidad Jorge Tadeo Lozano, Universidad del Tolima y la Universidad San Buenaventura.<\/p>\n<p>Para consultar toda la programaci\u00f3n, visite: <a href=\"https:\/\/6seminarioreproyecto.wixsite.com\/main\">https:\/\/6seminarioreproyecto.wixsite.com\/main<\/a><\/p>\n<p>Fuente: Agencia de Noticias Univalle<\/p>\n","protected":false},"excerpt":{"rendered":"<p>La Facultad de Artes Integradas invita al VI Seminario \u201cLa Representaci\u00f3n del proyecto: \u201csostenibilidad y medio ambiente\u201d, en el cual se compartir\u00e1n experiencias acad\u00e9micas en docencia, investigaci\u00f3n y extensi\u00f3n en torno a la sostenibilidad, el medio ambiente y la problem\u00e1tica de la representaci\u00f3n del proyecto en la arquitectura. El seminario,[&#8230;]<\/p>\n","protected":false},"author":1,"featured_media":19061,"comment_status":"open","ping_status":"open","sticky":false,"template":"","format":"standard","meta":{"footnotes":""},"categories":[4],"tags":[],"_links":{"self":[{"href":"https:\/\/emisora.univalle.edu.co\/index.php\/wp-json\/wp\/v2\/posts\/19072"}],"collection":[{"href":"https:\/\/emisora.univalle.edu.co\/index.php\/wp-json\/wp\/v2\/posts"}],"about":[{"href":"https:\/\/emisora.univalle.edu.co\/index.php\/wp-json\/wp\/v2\/types\/post"}],"author":[{"embeddable":true,"href":"https:\/\/emisora.univalle.edu.co\/index.php\/wp-json\/wp\/v2\/users\/1"}],"replies":[{"embeddable":true,"href":"https:\/\/emisora.univalle.edu.co\/index.php\/wp-json\/wp\/v2\/comments?post=19072"}],"version-history":[{"count":1,"href":"https:\/\/emisora.univalle.edu.co\/index.php\/wp-json\/wp\/v2\/posts\/19072\/revisions"}],"predecessor-version":[{"id":19073,"href":"https:\/\/emisora.univalle.edu.co\/index.php\/wp-json\/wp\/v2\/posts\/19072\/revisions\/19073"}],"wp:featuredmedia":[{"embeddable":true,"href":"https:\/\/emisora.univalle.edu.co\/index.php\/wp-json\/wp\/v2\/media\/19061"}],"wp:attachment":[{"href":"https:\/\/emisora.univalle.edu.co\/index.php\/wp-json\/wp\/v2\/media?parent=19072"}],"wp:term":[{"taxonomy":"category","embeddable":true,"href":"https:\/\/emisora.univalle.edu.co\/index.php\/wp-json\/wp\/v2\/categories?post=19072"},{"taxonomy":"post_tag","embeddable":true,"href":"https:\/\/emisora.univalle.edu.co\/index.php\/wp-json\/wp\/v2\/tags?post=19072"}],"curies":[{"name":"wp","href":"https:\/\/api.w.org\/{rel}","templated":true}]}}