{"id":19074,"date":"2017-11-03T14:31:22","date_gmt":"2017-11-03T19:31:22","guid":{"rendered":"https:\/\/emisora.univalle.edu.co\/?p=19074"},"modified":"2017-11-07T14:32:56","modified_gmt":"2017-11-07T19:32:56","slug":"jorge-montealegre-en-la-pinacoteca-de-univalle","status":"publish","type":"post","link":"https:\/\/emisora.univalle.edu.co\/index.php\/jorge-montealegre-en-la-pinacoteca-de-univalle\/","title":{"rendered":"Jorge Montealegre en la Pinacoteca de Univalle"},"content":{"rendered":"<p>El artista pl\u00e1stico Jorge Alberto Montealegre se une al proyecto de construcci\u00f3n de la Pinacoteca de la Universidad del Valle con la donaci\u00f3n de una de sus obras y la exposici\u00f3n \u201cMirando sus propios sue\u00f1os\u201d, que har\u00e1 apertura a partir del viernes 10 de noviembre de 2017, a las 6:30 p.m., en la Sala Mutis de la Biblioteca Mario Carvajal, Campus Mel\u00e9ndez.<\/p>\n<p>Ese mismo d\u00eda, a las 5:00 p.m., se llevar\u00e1 a cabo la conferencia \u201cEl lenguaje pict\u00f3rico en la obra de Jorge Montealegre\u201d por Hern\u00e1n Casas y el lanzamiento de la Revista \u201c\u00bfQu\u00e9 est\u00e1 mirando? N\u00b09\u201d.<\/p>\n<p>Con la presencia de la obra de Jorge Montealegre, la Pinacoteca de la Universidad se enriquece al lado de las donaciones que han hecho los artistas Phanor Le\u00f3n, Mar\u00eda Teresa Negreiros, Ever Astudillo, Roberto Molano, Mario Gordillo, \u00c1ngela Villegas, Homero Aguilar, Bernardino Labrada y Gilberto Cer\u00f3n.<\/p>\n<p>El proyecto de la Pinacoteca Univalle es una iniciativa del Departamento de Filosof\u00eda de la Facultad de Humanidades con el apoyo de la Vicerrector\u00eda Acad\u00e9mica y la Divisi\u00f3n de Bibliotecas.<\/p>\n<p>Omar D\u00edaz Salda\u00f1a, editor de la revista \u00bfQu\u00e9 est\u00e1 mirando? se refiere a la obra de Montealegre de la siguiente manera:<\/p>\n<p>\u201cAntes de subir a su buhardilla que le recuerda su vida en el Par\u00eds de la d\u00e9cada de los ochenta, Jorge Montealegre nos ense\u00f1a una prensa, el significado del grabado y, en general, de las artes gr\u00e1ficas; \u201cnunca he dejado de trabajar el grabado\u201d, nos dice, mientras nos dirigimos al tercer piso, a trav\u00e9s de una escalera en forma de caracol, donde se encuentra su estudio, \u201cel mirador de mis sue\u00f1os\u201d, aunque toda su vivienda es un laboratorio, un espacio de experimentaci\u00f3n de las artes pl\u00e1sticas. Ah\u00ed, uno que otro rostro de mujer nos mira como intrusos, para nuestra fortuna la mayor\u00eda de ellas, de espalda, acepta en silencio nuestra presencia.<\/p>\n<p>Montealegre contin\u00faa en la b\u00fasqueda del arquetipo femenino; hurga para conocer la naturaleza psicol\u00f3gica y expresiva de la mujer. \u201cA\u00fan contin\u00fao aprendiendo c\u00f3mo se pinta una mujer\u201d. Lucha frente al caballete por el dominio de la l\u00ednea con la intenci\u00f3n de alcanzar, quiz\u00e1s, la perfecci\u00f3n del dibujo que orienta y define su paleta. \u201cYo soy por sobre todo un dibujante\u201d. Modelado por los trazos que determinan el contorno de la figura va afirmando los grises, los pardos, tonos con los que se siente emocionalmente identificado; y cuando utiliza el amarillo, juega con los complementarios para producir en el espectador sentimientos de alegr\u00eda; define ciertas texturas que en la superficie pl\u00e1stica de la obra se articulan con el fondo resaltando el equilibrio est\u00e1tico de las figuras, aunando cierto simbolismo, casi siempre en relieve, que identifica la obra, produciendo as\u00ed una armon\u00eda de su microcosmos po\u00e9tico.<\/p>\n<p>Mirando sus propios sue\u00f1os. En esta exposici\u00f3n el maestro Jorge Montealegre nos muestra un universo pl\u00e1stico donde el s\u00ed mismo femenino se configura en diversidad de posibilidades. Si bien, en su obra se reconocen los objetos representados, su po\u00e9tica no se reduce a la imitaci\u00f3n, sus personajes logran expresar el ser particular, lo profundo de la subjetividad humana. Con formatos grandes y medianos, en \u00f3leo y mixta sobre tela, el pintor lleva a que el espectador vuelva una y otra vez sobre el perfil y la mirada de la dama, o de la mujer que de espalda busca en el horizonte y trata de hilvanar sus propios sue\u00f1os.\u201d<\/p>\n<p>Informes: Universidad del Valle &#8211; Departamento de Filosof\u00eda<\/p>\n<p>Tel\u00e9fono: 3212370<\/p>\n<p><a href=\"mailto:departamento.filosofia@correounivalle.edu.co\">departamento.filosofia@correounivalle.edu.co<\/a><\/p>\n<p><a href=\"https:\/\/emisora.univalle.edu.co\/llega-la-segunda-version-del-festival-de-piano-universidad-del-valle\/pinacoteca1\/\" rel=\"attachment wp-att-19060\"><img loading=\"lazy\" decoding=\"async\" class=\"alignleft size-full wp-image-19060\" src=\"https:\/\/emisora.univalle.edu.co\/wp-content\/uploads\/2017\/11\/pinacoteca1.jpg\" alt=\"\" width=\"499\" height=\"418\" srcset=\"https:\/\/emisora.univalle.edu.co\/wp-content\/uploads\/2017\/11\/pinacoteca1.jpg 499w, https:\/\/emisora.univalle.edu.co\/wp-content\/uploads\/2017\/11\/pinacoteca1-300x251.jpg 300w\" sizes=\"(max-width: 499px) 100vw, 499px\" \/><\/a><\/p>\n<p><strong>Inauguraci\u00f3n exposici\u00f3n<\/strong><\/p>\n<p><strong>MONTEALEGRE &#8211; Mirando sus propios sue\u00f1os y el Lanzamiento del No.9 de la Revista<\/strong><\/p>\n<p><strong>\u00bfQu\u00e9 est\u00e1 mirando? Arte contempor\u00e1neo<\/strong><\/p>\n<p>D\u00cdA: viernes 10 de noviembre del a\u00f1o 2017<\/p>\n<p>LUGAR: Sala Jos\u00e9 Celestino Mutis (Biblioteca Mario Carvajal<\/p>\n<p>Universidad del Valle &#8211; Sede Mel\u00e9ndez)<\/p>\n<p>HORA: 6:30 p.m.<\/p>\n<p><strong>Conferencia<\/strong><\/p>\n<p><strong>El lenguaje pict\u00f3rico en la obra del maestro Jorge Montealegre<\/strong><\/p>\n<p><strong>Conferencista: Hern\u00e1n Casas<\/strong><\/p>\n<p>D\u00cdA: viernes 10 de noviembre del a\u00f1o 2017<\/p>\n<p>LUGAR: Auditorio \u00c1ngel Zapata (Universidad del Valle \u2013 Sede Mel\u00e9ndez)<\/p>\n<p>HORA: 5:00 p.m.<\/p>\n<p>Organiza<\/p>\n<p>Universidad del Valle<\/p>\n<p>Rector\u00eda<\/p>\n<p>Vicerrector\u00eda Acad\u00e9mica<\/p>\n<p>Divisi\u00f3n de Bibliotecas<\/p>\n<p>Departamento de Filosof\u00eda<\/p>\n<p>Fuente: <a href=\"http:\/\/www.univalle.edu.co\/arte-y-cultura\/jorge-montealegre-pinacoteca-univalle\/#\">Agencia de Noticias Univalle<\/a><\/p>\n","protected":false},"excerpt":{"rendered":"<p>El artista pl\u00e1stico Jorge Alberto Montealegre se une al proyecto de construcci\u00f3n de la Pinacoteca de la Universidad del Valle con la donaci\u00f3n de una de sus obras y la exposici\u00f3n \u201cMirando sus propios sue\u00f1os\u201d, que har\u00e1 apertura a partir del viernes 10 de noviembre de 2017, a las 6:30[&#8230;]<\/p>\n","protected":false},"author":1,"featured_media":19059,"comment_status":"open","ping_status":"open","sticky":false,"template":"","format":"standard","meta":{"footnotes":""},"categories":[4],"tags":[],"_links":{"self":[{"href":"https:\/\/emisora.univalle.edu.co\/index.php\/wp-json\/wp\/v2\/posts\/19074"}],"collection":[{"href":"https:\/\/emisora.univalle.edu.co\/index.php\/wp-json\/wp\/v2\/posts"}],"about":[{"href":"https:\/\/emisora.univalle.edu.co\/index.php\/wp-json\/wp\/v2\/types\/post"}],"author":[{"embeddable":true,"href":"https:\/\/emisora.univalle.edu.co\/index.php\/wp-json\/wp\/v2\/users\/1"}],"replies":[{"embeddable":true,"href":"https:\/\/emisora.univalle.edu.co\/index.php\/wp-json\/wp\/v2\/comments?post=19074"}],"version-history":[{"count":1,"href":"https:\/\/emisora.univalle.edu.co\/index.php\/wp-json\/wp\/v2\/posts\/19074\/revisions"}],"predecessor-version":[{"id":19075,"href":"https:\/\/emisora.univalle.edu.co\/index.php\/wp-json\/wp\/v2\/posts\/19074\/revisions\/19075"}],"wp:featuredmedia":[{"embeddable":true,"href":"https:\/\/emisora.univalle.edu.co\/index.php\/wp-json\/wp\/v2\/media\/19059"}],"wp:attachment":[{"href":"https:\/\/emisora.univalle.edu.co\/index.php\/wp-json\/wp\/v2\/media?parent=19074"}],"wp:term":[{"taxonomy":"category","embeddable":true,"href":"https:\/\/emisora.univalle.edu.co\/index.php\/wp-json\/wp\/v2\/categories?post=19074"},{"taxonomy":"post_tag","embeddable":true,"href":"https:\/\/emisora.univalle.edu.co\/index.php\/wp-json\/wp\/v2\/tags?post=19074"}],"curies":[{"name":"wp","href":"https:\/\/api.w.org\/{rel}","templated":true}]}}