{"id":19076,"date":"2017-11-07T14:34:22","date_gmt":"2017-11-07T19:34:22","guid":{"rendered":"https:\/\/emisora.univalle.edu.co\/?p=19076"},"modified":"2017-11-07T14:34:22","modified_gmt":"2017-11-07T19:34:22","slug":"estudiantes-contribuyen-con-acuerdo-de-paz","status":"publish","type":"post","link":"https:\/\/emisora.univalle.edu.co\/index.php\/estudiantes-contribuyen-con-acuerdo-de-paz\/","title":{"rendered":"Estudiantes contribuyen con Acuerdo de Paz"},"content":{"rendered":"<p><em><\/em>Diez estudiantes del programa de Estudios Pol\u00edticos y Resoluci\u00f3n de Conflictos contribuyen a la Implementaci\u00f3n del Acuerdo de Paz<\/p>\n<p>Yeison Sosa Londo\u00f1o<\/p>\n<p>Estudiante de Estudios Pol\u00edticos e Historia<\/p>\n<p>Desde hace dos a\u00f1os, la Alta Consejer\u00eda para el posconflicto de la Presidencia de la Rep\u00fablica impulsa el proyecto Manos a la paz, con el apoyo del Programa de Naciones Unidas para el Desarrollo \u2013PNUD-, con el prop\u00f3sito de vincular a estudiantes universitarios que se encuentren finalizando su pregrado a trav\u00e9s de un semestre de pasant\u00edas o pr\u00e1cticas en diversas regiones afectadas por el conflicto armado en el pa\u00eds.<\/p>\n<p>El programa ha contado con la participaci\u00f3n de 1.220 j\u00f3venes pasantes de 105 universidades y ha hecho presencia en m\u00e1s de 250 municipios. El pasado mes de junio el programa Manos a la paz lanz\u00f3 su cuarta convocatoria ofertando 324 cupos, donde se postularon aproximadamente m\u00e1s de 1.500 estudiantes.<\/p>\n<p>La Universidad del Valle qued\u00f3 representada por doce estudiantes, de los cuales diez hacen parte del Programa de Estudios Pol\u00edticos y Resoluci\u00f3n de Conflictos del Instituto de Educaci\u00f3n y Pedagog\u00eda, siendo una de las delegaciones m\u00e1s grande por programa acad\u00e9mico que ha hecho presencia en Manos a la Paz.<\/p>\n<p><a href=\"https:\/\/emisora.univalle.edu.co\/llega-la-segunda-version-del-festival-de-piano-universidad-del-valle\/estudiantes-paz\/\" rel=\"attachment wp-att-19045\"><img loading=\"lazy\" decoding=\"async\" class=\"size-full wp-image-19045 aligncenter\" src=\"https:\/\/emisora.univalle.edu.co\/wp-content\/uploads\/2017\/11\/estudiantes-paz.jpg\" alt=\"\" width=\"400\" height=\"395\" srcset=\"https:\/\/emisora.univalle.edu.co\/wp-content\/uploads\/2017\/11\/estudiantes-paz.jpg 400w, https:\/\/emisora.univalle.edu.co\/wp-content\/uploads\/2017\/11\/estudiantes-paz-300x296.jpg 300w, https:\/\/emisora.univalle.edu.co\/wp-content\/uploads\/2017\/11\/estudiantes-paz-100x100.jpg 100w\" sizes=\"(max-width: 400px) 100vw, 400px\" \/><\/a><\/p>\n<p>Fuente: <a href=\"http:\/\/www.univalle.edu.co\/lo-que-pasa-en-la-u\/acuerdo-paz\/#\">Agencia de Noticias Univalle<\/a><\/p>\n","protected":false},"excerpt":{"rendered":"<p>Diez estudiantes del programa de Estudios Pol\u00edticos y Resoluci\u00f3n de Conflictos contribuyen a la Implementaci\u00f3n del Acuerdo de Paz Yeison Sosa Londo\u00f1o Estudiante de Estudios Pol\u00edticos e Historia Desde hace dos a\u00f1os, la Alta Consejer\u00eda para el posconflicto de la Presidencia de la Rep\u00fablica impulsa el proyecto Manos a la[&#8230;]<\/p>\n","protected":false},"author":1,"featured_media":19046,"comment_status":"open","ping_status":"open","sticky":false,"template":"","format":"standard","meta":{"footnotes":""},"categories":[4],"tags":[],"_links":{"self":[{"href":"https:\/\/emisora.univalle.edu.co\/index.php\/wp-json\/wp\/v2\/posts\/19076"}],"collection":[{"href":"https:\/\/emisora.univalle.edu.co\/index.php\/wp-json\/wp\/v2\/posts"}],"about":[{"href":"https:\/\/emisora.univalle.edu.co\/index.php\/wp-json\/wp\/v2\/types\/post"}],"author":[{"embeddable":true,"href":"https:\/\/emisora.univalle.edu.co\/index.php\/wp-json\/wp\/v2\/users\/1"}],"replies":[{"embeddable":true,"href":"https:\/\/emisora.univalle.edu.co\/index.php\/wp-json\/wp\/v2\/comments?post=19076"}],"version-history":[{"count":1,"href":"https:\/\/emisora.univalle.edu.co\/index.php\/wp-json\/wp\/v2\/posts\/19076\/revisions"}],"predecessor-version":[{"id":19077,"href":"https:\/\/emisora.univalle.edu.co\/index.php\/wp-json\/wp\/v2\/posts\/19076\/revisions\/19077"}],"wp:featuredmedia":[{"embeddable":true,"href":"https:\/\/emisora.univalle.edu.co\/index.php\/wp-json\/wp\/v2\/media\/19046"}],"wp:attachment":[{"href":"https:\/\/emisora.univalle.edu.co\/index.php\/wp-json\/wp\/v2\/media?parent=19076"}],"wp:term":[{"taxonomy":"category","embeddable":true,"href":"https:\/\/emisora.univalle.edu.co\/index.php\/wp-json\/wp\/v2\/categories?post=19076"},{"taxonomy":"post_tag","embeddable":true,"href":"https:\/\/emisora.univalle.edu.co\/index.php\/wp-json\/wp\/v2\/tags?post=19076"}],"curies":[{"name":"wp","href":"https:\/\/api.w.org\/{rel}","templated":true}]}}