{"id":19087,"date":"2017-11-04T08:39:16","date_gmt":"2017-11-04T13:39:16","guid":{"rendered":"https:\/\/emisora.univalle.edu.co\/?p=19087"},"modified":"2017-11-07T14:41:03","modified_gmt":"2017-11-07T19:41:03","slug":"este-martes-inicia-el-seminario-evaluacion-del-acuerdo-de-paz","status":"publish","type":"post","link":"https:\/\/emisora.univalle.edu.co\/index.php\/este-martes-inicia-el-seminario-evaluacion-del-acuerdo-de-paz\/","title":{"rendered":"Este martes inicia el Seminario Evaluaci\u00f3n del Acuerdo de Paz"},"content":{"rendered":"<p>El Programa Institucional de Paz de la Universidad del Valle invita al \u201cSeminario Evaluaci\u00f3n del Acuerdo de Paz: Primer A\u00f1o, Avances y Retos\u201d que se realizar\u00e1 los d\u00edas 7 y 8 de noviembre en el Hotel Spiwak de Cali.<\/p>\n<p>Este evento nace de la colaboraci\u00f3n de 32 universidades p\u00fablicas reunidas en el Sistema Universitario Estatal &#8211; SUE y busca promover una reflexi\u00f3n retrospectiva y prospectiva sobre el Acuerdo Final de Paz.<\/p>\n<p>El Seminario Evaluaci\u00f3n del Acuerdo de Paz contar\u00e1 con la presencia de acad\u00e9micos, representantes de agencias estatales responsables de la implementaci\u00f3n, miembros del nuevo partido pol\u00edtico Fuerzas Alternativas Revolucionarias de Colombia, as\u00ed como estudiosos de entidades como el Instituto Kroc y la Universidad de Notre Dame, entidad encargada oficialmente de hacer seguimiento al Acuerdo Final para la Paz.<\/p>\n<p>El prop\u00f3sito del Seminario es consolidar una visi\u00f3n integral respecto a un proceso complejo y exigente: la aplicaci\u00f3n del Acuerdo no s\u00f3lo desde el \u00e1mbito jur\u00eddico, sino tambi\u00e9n desde la construcci\u00f3n ciudadana.<\/p>\n<p>En raz\u00f3n de su coyuntura actual, se abordar\u00e1n los siguientes puntos: balance desde una perspectiva de comparaci\u00f3n internacional; en segundo lugar, la puesta en marcha de los acuerdos en sus cuatro ejes: Justicia, Tierras, Desarrollo Rural, Participaci\u00f3n Pol\u00edtica y Reintegraci\u00f3n; en tercer lugar se analizar\u00e1n los avances y desaf\u00edos del proceso de paz en los territorios y regiones. Como parte final, se analizar\u00e1n los retos para consolidar el Acuerdo y el prop\u00f3sito de la construcci\u00f3n de paz.<\/p>\n<p>Despu\u00e9s de un a\u00f1o de constantes avances y obst\u00e1culos se requiere analizar el estado actual del Acuerdo de Paz a la luz de nuestras necesidades como una sociedad colombiana cada vez m\u00e1s consciente de la construcci\u00f3n de paz. Por esta raz\u00f3n, otro de los motivos del Seminario es analizar los factores claves que han determinado las diferentes modificaciones y tambi\u00e9n las fortalezas del Acuerdo Final.<\/p>\n<p><a href=\"https:\/\/drive.google.com\/file\/d\/0BzGoTc_BVojJS29iMldVYThuWFk\/view\">Ver agenda<\/a> <a href=\"https:\/\/drive.google.com\/file\/d\/0BzGoTc_BVojJS29iMldVYThuWFk\/view\">https:\/\/drive.google.com\/file\/d\/0BzGoTc_BVojJS29iMldVYThuWFk\/view<\/a><\/p>\n<p>Fuente: Agencia de Noticias Univalle<\/p>\n","protected":false},"excerpt":{"rendered":"<p>El Programa Institucional de Paz de la Universidad del Valle invita al \u201cSeminario Evaluaci\u00f3n del Acuerdo de Paz: Primer A\u00f1o, Avances y Retos\u201d que se realizar\u00e1 los d\u00edas 7 y 8 de noviembre en el Hotel Spiwak de Cali. Este evento nace de la colaboraci\u00f3n de 32 universidades p\u00fablicas reunidas[&#8230;]<\/p>\n","protected":false},"author":1,"featured_media":19047,"comment_status":"open","ping_status":"open","sticky":false,"template":"","format":"standard","meta":{"footnotes":""},"categories":[4],"tags":[],"_links":{"self":[{"href":"https:\/\/emisora.univalle.edu.co\/index.php\/wp-json\/wp\/v2\/posts\/19087"}],"collection":[{"href":"https:\/\/emisora.univalle.edu.co\/index.php\/wp-json\/wp\/v2\/posts"}],"about":[{"href":"https:\/\/emisora.univalle.edu.co\/index.php\/wp-json\/wp\/v2\/types\/post"}],"author":[{"embeddable":true,"href":"https:\/\/emisora.univalle.edu.co\/index.php\/wp-json\/wp\/v2\/users\/1"}],"replies":[{"embeddable":true,"href":"https:\/\/emisora.univalle.edu.co\/index.php\/wp-json\/wp\/v2\/comments?post=19087"}],"version-history":[{"count":1,"href":"https:\/\/emisora.univalle.edu.co\/index.php\/wp-json\/wp\/v2\/posts\/19087\/revisions"}],"predecessor-version":[{"id":19088,"href":"https:\/\/emisora.univalle.edu.co\/index.php\/wp-json\/wp\/v2\/posts\/19087\/revisions\/19088"}],"wp:featuredmedia":[{"embeddable":true,"href":"https:\/\/emisora.univalle.edu.co\/index.php\/wp-json\/wp\/v2\/media\/19047"}],"wp:attachment":[{"href":"https:\/\/emisora.univalle.edu.co\/index.php\/wp-json\/wp\/v2\/media?parent=19087"}],"wp:term":[{"taxonomy":"category","embeddable":true,"href":"https:\/\/emisora.univalle.edu.co\/index.php\/wp-json\/wp\/v2\/categories?post=19087"},{"taxonomy":"post_tag","embeddable":true,"href":"https:\/\/emisora.univalle.edu.co\/index.php\/wp-json\/wp\/v2\/tags?post=19087"}],"curies":[{"name":"wp","href":"https:\/\/api.w.org\/{rel}","templated":true}]}}