{"id":19089,"date":"2017-11-07T11:10:25","date_gmt":"2017-11-07T16:10:25","guid":{"rendered":"https:\/\/emisora.univalle.edu.co\/?p=19089"},"modified":"2017-11-07T14:42:29","modified_gmt":"2017-11-07T19:42:29","slug":"durkheim-durante-y-despues-de-durkheim","status":"publish","type":"post","link":"https:\/\/emisora.univalle.edu.co\/index.php\/durkheim-durante-y-despues-de-durkheim\/","title":{"rendered":"Durkheim, Durante y despu\u00e9s de Durkheim"},"content":{"rendered":"<p><a href=\"https:\/\/emisora.univalle.edu.co\/llega-la-segunda-version-del-festival-de-piano-universidad-del-valle\/durklein\/\" rel=\"attachment wp-att-19038\"><img loading=\"lazy\" decoding=\"async\" class=\"alignleft size-full wp-image-19038\" src=\"https:\/\/emisora.univalle.edu.co\/wp-content\/uploads\/2017\/11\/durklein.jpg\" alt=\"\" width=\"400\" height=\"400\" srcset=\"https:\/\/emisora.univalle.edu.co\/wp-content\/uploads\/2017\/11\/durklein.jpg 400w, https:\/\/emisora.univalle.edu.co\/wp-content\/uploads\/2017\/11\/durklein-150x150.jpg 150w, https:\/\/emisora.univalle.edu.co\/wp-content\/uploads\/2017\/11\/durklein-300x300.jpg 300w, https:\/\/emisora.univalle.edu.co\/wp-content\/uploads\/2017\/11\/durklein-100x100.jpg 100w\" sizes=\"(max-width: 400px) 100vw, 400px\" \/><\/a>El Departamento de Ciencias Sociales de la Universidad del Valle se complace en invitar el pr\u00f3ximo viernes 10 de octubre a las 10.00 a.m. en el Auditorio Antonio J. Posada, edificio 387, a la conferencia \u201cDurkheim &#8211; Durante y despu\u00e9s de Durkheim\u201d, que forma parte del ciclo de conferencias \u201cDurkheim a 100 a\u00f1os de su muerte\u201d.<\/p>\n<p>La conferencia estar\u00e1 a cargo de Alberto Valencia Guti\u00e9rrez, quien es profesor del Departamento y actual coordinador del Doctorado y la Maestr\u00eda en Sociolog\u00eda de la Facultad. La entrada es libre, esperamos contar con la asistencia de toda la comunidad de la Facultad de Ciencias Sociales y Econ\u00f3micas, al igual que la de interesados que provengan de otras unidades acad\u00e9micas de la Universidad del Valle.<\/p>\n<p><strong>La tem\u00e1tica<\/strong><\/p>\n<p>El objetivo de esta conferencia es mostrar que Durkheim se impone en las ciencias sociales francesas no s\u00f3lo debido a la calidad de su obra sino a una estrategia deliberada de hacerse reconocer en el \u00e1mbito intelectual de la \u00e9poca (organizaci\u00f3n de un equipo de trabajo, creaci\u00f3n de una revista, ingres\u00f3 a la universidad) y a la \u00abafinidad electiva\u00bb entre su obra y el marco institucional y el \u00abimaginario pol\u00edtico y social\u00bb de la Tercera Republica proveniente de la Revoluci\u00f3n francesa. Todo esto le permite proyectarse en m\u00faltiples tradiciones: escuela de los Annales, estructuralismo, funcionalismo, sociolog\u00eda de la memoria, representaciones sociales etc. a pesar del car\u00e1cter arcaico de sus planteamientos a la luz de las ciencias sociales contempor\u00e1neas.<\/p>\n<p>Mayores informes<\/p>\n<p>Departamento de Ciencias Sociales<\/p>\n<p>Ubicaci\u00f3n: Edificio 387 \u2013 Facultad de Ciencias Sociales y Econ\u00f3micas, Espacio 3036<\/p>\n<p>Tel\u00e9fono directo: 3212322<\/p>\n<p>Extensi\u00f3n: 3212100 Ext 2322<\/p>\n<p>Correo electr\u00f3nico: <a href=\"mailto:desocial@correounivalle.edu.co\">desocial@correounivalle.edu.co<\/a><\/p>\n<p>Fuente: Agencia de Noticias Univalle<\/p>\n","protected":false},"excerpt":{"rendered":"<p>El Departamento de Ciencias Sociales de la Universidad del Valle se complace en invitar el pr\u00f3ximo viernes 10 de octubre a las 10.00 a.m. en el Auditorio Antonio J. Posada, edificio 387, a la conferencia \u201cDurkheim &#8211; Durante y despu\u00e9s de Durkheim\u201d, que forma parte del ciclo de conferencias \u201cDurkheim[&#8230;]<\/p>\n","protected":false},"author":1,"featured_media":19039,"comment_status":"open","ping_status":"open","sticky":false,"template":"","format":"standard","meta":{"footnotes":""},"categories":[4],"tags":[],"_links":{"self":[{"href":"https:\/\/emisora.univalle.edu.co\/index.php\/wp-json\/wp\/v2\/posts\/19089"}],"collection":[{"href":"https:\/\/emisora.univalle.edu.co\/index.php\/wp-json\/wp\/v2\/posts"}],"about":[{"href":"https:\/\/emisora.univalle.edu.co\/index.php\/wp-json\/wp\/v2\/types\/post"}],"author":[{"embeddable":true,"href":"https:\/\/emisora.univalle.edu.co\/index.php\/wp-json\/wp\/v2\/users\/1"}],"replies":[{"embeddable":true,"href":"https:\/\/emisora.univalle.edu.co\/index.php\/wp-json\/wp\/v2\/comments?post=19089"}],"version-history":[{"count":1,"href":"https:\/\/emisora.univalle.edu.co\/index.php\/wp-json\/wp\/v2\/posts\/19089\/revisions"}],"predecessor-version":[{"id":19090,"href":"https:\/\/emisora.univalle.edu.co\/index.php\/wp-json\/wp\/v2\/posts\/19089\/revisions\/19090"}],"wp:featuredmedia":[{"embeddable":true,"href":"https:\/\/emisora.univalle.edu.co\/index.php\/wp-json\/wp\/v2\/media\/19039"}],"wp:attachment":[{"href":"https:\/\/emisora.univalle.edu.co\/index.php\/wp-json\/wp\/v2\/media?parent=19089"}],"wp:term":[{"taxonomy":"category","embeddable":true,"href":"https:\/\/emisora.univalle.edu.co\/index.php\/wp-json\/wp\/v2\/categories?post=19089"},{"taxonomy":"post_tag","embeddable":true,"href":"https:\/\/emisora.univalle.edu.co\/index.php\/wp-json\/wp\/v2\/tags?post=19089"}],"curies":[{"name":"wp","href":"https:\/\/api.w.org\/{rel}","templated":true}]}}