{"id":19094,"date":"2017-11-07T17:41:16","date_gmt":"2017-11-07T22:41:16","guid":{"rendered":"https:\/\/emisora.univalle.edu.co\/?p=19094"},"modified":"2017-11-14T13:55:50","modified_gmt":"2017-11-14T18:55:50","slug":"la-universidad-publica-comprometida-con-la-construccion-de-paz-edgar-varela","status":"publish","type":"post","link":"https:\/\/emisora.univalle.edu.co\/index.php\/la-universidad-publica-comprometida-con-la-construccion-de-paz-edgar-varela\/","title":{"rendered":"\u201cLa Universidad p\u00fablica, comprometida con la construcci\u00f3n de paz\u201d: Edgar Varela"},"content":{"rendered":"<p>\u201cLa universidad p\u00fablica colombiana est\u00e1 sumamente comprometida con este proceso de paz que cerr\u00f3 su etapa de negociaciones y se encuentra en su implementaci\u00f3n. Tambi\u00e9n estamos comprometidos y hemos colaborado de distintas maneras con el curso que actualmente est\u00e1 en curso con el ELN, en Quito, Ecuador. Saludamos positivamente que en la mesa de negociaciones se haya pactado un cese bilateral al fuego, el cual cumple un mes. Son pasos en la direcci\u00f3n correcta para desescalar el conflicto\u201d.<\/p>\n<p>Con estas palabras el rector de la Universidad del Valle Edgar Varela Barrios dio apertura al \u201cSeminario Evaluaci\u00f3n del Acuerdo de Paz. Primer a\u00f1o: avances y retos\u201d, que se realizar\u00e1 este 7 y 8 de noviembre, en el Hotel Spiwak en Cali.<\/p>\n<p>Este evento re\u00fane a acad\u00e9micos nacionales, investigadores internacionales y miembros de la sociedad civil para reflexionar sobre los retos y avances del primer a\u00f1o de implementaci\u00f3n del Acuerdo de Paz.<\/p>\n<p>La mesa de apertura del evento estuvo integrada por el rector de la Universidad del Valle, Edgar Varela Barrios; el secretario general de Univalle, Luis Carlos Castillo; el director del Programa Institucional de Paz, Adolfo Adri\u00e1n el director de la Asociaci\u00f3n Universitaria Iberoamericana de Posgrado &#8211; AUIP, Victor Cruz; director del Centro de Resoluci\u00f3n de Conflictos de la UNESCO, Manuel Torres Aguilar y el miembro de la Fuerza Alternativa Revolucionaria del Com\u00fan Pablo Catatumbo.<\/p>\n<p>\u201cDesde hace dos a\u00f1os, el Sistema Universitario Estatal ha sido un firme acompa\u00f1ante del proceso de paz. Tuvimos la ocasi\u00f3n de ir a La Habana, Cuba al final de las negociaciones a conversar tanto con los representantes del gobierno nacional, los representantes internacionales y los directivos de las FARC. Ah\u00ed adquirimos unos compromisos concretos como universidad p\u00fablica colombiana, en relaci\u00f3n con el \u00e9xito de este proceso\u201d, mencion\u00f3 el rector Varela Barrios.<\/p>\n<p>El rector de Univalle se\u00f1al\u00f3 que las 32 universidades p\u00fablicas que integran el Sistema Universitario Estatal -SUE reflexionaron en foros y espacios acad\u00e9micos, acompa\u00f1ando el proceso, debatiendo el Acuerdo. As\u00ed mismo, mencion\u00f3 que representantes de las universidades p\u00fablicas del SUE designaron a una delegada que hizo parte de la comisi\u00f3n que seleccion\u00f3 a los magistrados de la Jurisdicci\u00f3n Especial para la Paz &#8211; JEP, as\u00ed mismo, est\u00e1n conformando la comisi\u00f3n que seleccionar\u00e1 a los acad\u00e9micos que trabajar\u00e1n en los temas de verdad y memoria hist\u00f3rica.<\/p>\n<p>\u201cConsideramos que Colombia debe darse la oportunidad de sentarse con los actores armados para encontrar una soluci\u00f3n pol\u00edtica, pac\u00edfica y negociada a un conflicto que lleva m\u00e1s de 50 a\u00f1os\u201d, dijo el rector.<\/p>\n<p>\u201cEstamos dispuestos a cumplir el papel de la Academia: que los excombatientes y la poblaci\u00f3n en zonas de influencia del conflicto ingresen a las universidades. Estamos estudiando estrategias de habilitaci\u00f3n de saberes y conocimiento para que centenares de ex combatientes encuentren en la educaci\u00f3n la alternativa para continuar no solo sus proyectos pol\u00edticos, sino de desarrollo familiar, social y territorial. El pa\u00eds debe cerrar el cap\u00edtulo de la guerra\u201d, finaliz\u00f3 Varela Barrios.<\/p>\n<p>Por su parte, Pablo Catatumbo, representante de las FARC, salud\u00f3 a los asistentes y calific\u00f3 el acto como \u201cun espacio de trascendencia para nuestro pa\u00eds, pues ayuda con la posibilidad hist\u00f3rica de consolidar la paz en Colombia. Los paneles que se desarrollar\u00e1n hoy martes 7 de noviembre y ma\u00f1ana mi\u00e9rcoles sintetizan de forma precisa los avances, retos y dificultades por los que atraviesa el proceso de paz, as\u00ed como la implementaci\u00f3n del Acuerdo\u201d.<\/p>\n<p>El evento es transmitido a trav\u00e9s de <a href=\"http:\/\/www.univalle.edu.co\/lo-que-pasa-en-la-u\/seminario-acuerdo-paz\">http:\/\/www.univalle.edu.co\/lo-que-pasa-en-la-u\/seminario-acuerdo-paz<\/a><\/p>\n<p>Consulte aqu\u00ed la agenda del evento <a href=\"https:\/\/drive.google.com\/file\/d\/0BzGoTc_BVojJS29iMldVYThuWFk\/view\">https:\/\/drive.google.com\/file\/d\/0BzGoTc_BVojJS29iMldVYThuWFk\/view<\/a><\/p>\n<p>Fuente: <a href=\"http:\/\/www.univalle.edu.co\/lo-que-pasa-en-la-u\/universidad-publica-construccion-paz\/#\">Agencia de Noticias Univalle<\/a><\/p>\n","protected":false},"excerpt":{"rendered":"<p>\u201cLa universidad p\u00fablica colombiana est\u00e1 sumamente comprometida con este proceso de paz que cerr\u00f3 su etapa de negociaciones y se encuentra en su implementaci\u00f3n. Tambi\u00e9n estamos comprometidos y hemos colaborado de distintas maneras con el curso que actualmente est\u00e1 en curso con el ELN, en Quito, Ecuador. Saludamos positivamente que[&#8230;]<\/p>\n","protected":false},"author":1,"featured_media":19101,"comment_status":"open","ping_status":"open","sticky":false,"template":"","format":"standard","meta":{"footnotes":""},"categories":[4],"tags":[],"_links":{"self":[{"href":"https:\/\/emisora.univalle.edu.co\/index.php\/wp-json\/wp\/v2\/posts\/19094"}],"collection":[{"href":"https:\/\/emisora.univalle.edu.co\/index.php\/wp-json\/wp\/v2\/posts"}],"about":[{"href":"https:\/\/emisora.univalle.edu.co\/index.php\/wp-json\/wp\/v2\/types\/post"}],"author":[{"embeddable":true,"href":"https:\/\/emisora.univalle.edu.co\/index.php\/wp-json\/wp\/v2\/users\/1"}],"replies":[{"embeddable":true,"href":"https:\/\/emisora.univalle.edu.co\/index.php\/wp-json\/wp\/v2\/comments?post=19094"}],"version-history":[{"count":1,"href":"https:\/\/emisora.univalle.edu.co\/index.php\/wp-json\/wp\/v2\/posts\/19094\/revisions"}],"predecessor-version":[{"id":19102,"href":"https:\/\/emisora.univalle.edu.co\/index.php\/wp-json\/wp\/v2\/posts\/19094\/revisions\/19102"}],"wp:featuredmedia":[{"embeddable":true,"href":"https:\/\/emisora.univalle.edu.co\/index.php\/wp-json\/wp\/v2\/media\/19101"}],"wp:attachment":[{"href":"https:\/\/emisora.univalle.edu.co\/index.php\/wp-json\/wp\/v2\/media?parent=19094"}],"wp:term":[{"taxonomy":"category","embeddable":true,"href":"https:\/\/emisora.univalle.edu.co\/index.php\/wp-json\/wp\/v2\/categories?post=19094"},{"taxonomy":"post_tag","embeddable":true,"href":"https:\/\/emisora.univalle.edu.co\/index.php\/wp-json\/wp\/v2\/tags?post=19094"}],"curies":[{"name":"wp","href":"https:\/\/api.w.org\/{rel}","templated":true}]}}