{"id":19103,"date":"2017-11-07T17:30:36","date_gmt":"2017-11-07T22:30:36","guid":{"rendered":"https:\/\/emisora.univalle.edu.co\/?p=19103"},"modified":"2017-11-08T10:46:01","modified_gmt":"2017-11-08T15:46:01","slug":"20-anos-con-los-mejores-cuenteros","status":"publish","type":"post","link":"https:\/\/emisora.univalle.edu.co\/index.php\/20-anos-con-los-mejores-cuenteros\/","title":{"rendered":"20 a\u00f1os con los mejores cuenteros"},"content":{"rendered":"<p><a href=\"https:\/\/emisora.univalle.edu.co\/la-universidad-publica-comprometida-con-la-construccion-de-paz-edgar-varela\/20-anos-2\/\" rel=\"attachment wp-att-19095\"><img loading=\"lazy\" decoding=\"async\" class=\"alignleft size-full wp-image-19095\" src=\"https:\/\/emisora.univalle.edu.co\/wp-content\/uploads\/2017\/11\/20-a\u00f1os.jpg\" alt=\"\" width=\"400\" height=\"581\" srcset=\"https:\/\/emisora.univalle.edu.co\/wp-content\/uploads\/2017\/11\/20-a\u00f1os.jpg 400w, https:\/\/emisora.univalle.edu.co\/wp-content\/uploads\/2017\/11\/20-a\u00f1os-207x300.jpg 207w\" sizes=\"(max-width: 400px) 100vw, 400px\" \/><\/a>Hasta el viernes 10 de noviembre de 2017 se realizar\u00e1 en Cali, la XX versi\u00f3n del Encuentro Iberoamericano de Cuenteros Unicuento, con el lema \u201clos mejores cuenteros del mundo\u201d. El evento se inicio ayer 7 de noviembre.<\/p>\n<p>El encuentro, uno de los eventos de Cuenter\u00eda m\u00e1s reconocidos del pa\u00eds, para esta versi\u00f3n 2017, tendr\u00e1 m\u00e1s de 30 presentaciones en Universidades, Colegios, Bares, Restaurantes, Plazas p\u00fablicas y teatros de la ciudad, con un alcance de m\u00e1s de 10.000 espectadores directos y un estimado de 30.000 espectadores indirectos y un temario sobre paz, atenci\u00f3n a la diversidad, convivencia e inclusi\u00f3n.<\/p>\n<p>La Cuenter\u00eda es el arte de preservar la memoria oral de los pueblos y son los cuenteros quienes tienen la labor de transmitir la cultura en forma de an\u00e9cdotas, mitos, leyendas, cuentos e historias. Conscientes de la importancia del arte de contar historias, naci\u00f3 el en el a\u00f1o de 1997 el Encuentro Iberoamericano de Cuenteros en el que han participado narradores de: Argentina, Venezuela, M\u00e9xico, Brasil, Espa\u00f1a, Francia, Alemania, Nigeria y Colombia.<\/p>\n<p>El Encuentro, organizado por la Fundaci\u00f3n Huellas de Paz, el Grupo de Narraci\u00f3n Oral El Perol del \u00c1rea de Cultura de la Vicerrector\u00eda de Bienestar Universitario de la Universidad del Valle, en conjunto con la\u00a0 Universidad Santiago de Cali, este a\u00f1o celebra la vig\u00e9sima versi\u00f3n, con cobertura medi\u00e1tica, impacto en redes sociales y en espacios cotidianos de Cali, adem\u00e1s el encuentro tendr\u00e1 difusi\u00f3n en televisi\u00f3n regional, peri\u00f3dicos de alta circulaci\u00f3n, radio, internet y en publicidad impresa.<\/p>\n<p>Para la versi\u00f3n 20\u00b0 contar\u00e1 con la participaci\u00f3n de narradores nacionales de gran trayectoria como Hanna Cuenca y Harry Mar\u00edn de Bogot\u00e1 y Elkin Mauricio Posada de Medell\u00edn; la cuota j\u00f3ven estar\u00e1 a cargo de Miguel \u00c1lvarez de Pasto, Felipe Ocampo de Pereira, Edier Montenegro de Popay\u00e1n, Sergio Andr\u00e9s Mu\u00f1oz de Bogot\u00e1 y Leidy Cort\u00e9s de Armenia; adem\u00e1s de los narradores locales Andr\u00e9s Garc\u00eda, Luis Alejandro Mart\u00ednez, Jhon L\u00f3pez y David Quintero.<\/p>\n<p>Para mayor informaci\u00f3n el p\u00fablico cale\u00f1o podr\u00e1 seguir la p\u00e1gina de Facebook Unicuento \u2013 Encuentro Iberoamericano de Cuenteros, con toda la programaci\u00f3n, fotos, videos, contactar algunos de los cuenteros y participar por boleter\u00eda para las distintas funciones.<\/p>\n<p>Fuente: <a href=\"http:\/\/www.univalle.edu.co\/lo-que-pasa-en-la-u\/mejores-cuenteros\/#\">Agencia de Noticias Univalle<\/a><\/p>\n","protected":false},"excerpt":{"rendered":"<p>Hasta el viernes 10 de noviembre de 2017 se realizar\u00e1 en Cali, la XX versi\u00f3n del Encuentro Iberoamericano de Cuenteros Unicuento, con el lema \u201clos mejores cuenteros del mundo\u201d. El evento se inicio ayer 7 de noviembre. El encuentro, uno de los eventos de Cuenter\u00eda m\u00e1s reconocidos del pa\u00eds, para[&#8230;]<\/p>\n","protected":false},"author":1,"featured_media":19096,"comment_status":"open","ping_status":"open","sticky":false,"template":"","format":"standard","meta":{"footnotes":""},"categories":[4],"tags":[],"_links":{"self":[{"href":"https:\/\/emisora.univalle.edu.co\/index.php\/wp-json\/wp\/v2\/posts\/19103"}],"collection":[{"href":"https:\/\/emisora.univalle.edu.co\/index.php\/wp-json\/wp\/v2\/posts"}],"about":[{"href":"https:\/\/emisora.univalle.edu.co\/index.php\/wp-json\/wp\/v2\/types\/post"}],"author":[{"embeddable":true,"href":"https:\/\/emisora.univalle.edu.co\/index.php\/wp-json\/wp\/v2\/users\/1"}],"replies":[{"embeddable":true,"href":"https:\/\/emisora.univalle.edu.co\/index.php\/wp-json\/wp\/v2\/comments?post=19103"}],"version-history":[{"count":2,"href":"https:\/\/emisora.univalle.edu.co\/index.php\/wp-json\/wp\/v2\/posts\/19103\/revisions"}],"predecessor-version":[{"id":19105,"href":"https:\/\/emisora.univalle.edu.co\/index.php\/wp-json\/wp\/v2\/posts\/19103\/revisions\/19105"}],"wp:featuredmedia":[{"embeddable":true,"href":"https:\/\/emisora.univalle.edu.co\/index.php\/wp-json\/wp\/v2\/media\/19096"}],"wp:attachment":[{"href":"https:\/\/emisora.univalle.edu.co\/index.php\/wp-json\/wp\/v2\/media?parent=19103"}],"wp:term":[{"taxonomy":"category","embeddable":true,"href":"https:\/\/emisora.univalle.edu.co\/index.php\/wp-json\/wp\/v2\/categories?post=19103"},{"taxonomy":"post_tag","embeddable":true,"href":"https:\/\/emisora.univalle.edu.co\/index.php\/wp-json\/wp\/v2\/tags?post=19103"}],"curies":[{"name":"wp","href":"https:\/\/api.w.org\/{rel}","templated":true}]}}