{"id":19118,"date":"2017-11-08T12:00:56","date_gmt":"2017-11-08T17:00:56","guid":{"rendered":"https:\/\/emisora.univalle.edu.co\/?p=19118"},"modified":"2017-11-14T13:55:38","modified_gmt":"2017-11-14T18:55:38","slug":"la-construccion-de-paz-territorial-el-proceso-desde-las-regiones","status":"publish","type":"post","link":"https:\/\/emisora.univalle.edu.co\/index.php\/la-construccion-de-paz-territorial-el-proceso-desde-las-regiones\/","title":{"rendered":"La construcci\u00f3n de paz territorial, el proceso desde las regiones"},"content":{"rendered":"<p><strong>La paz genera expectativas de cambio que a corto plazo no ser\u00e1n saciadas. La construcci\u00f3n de la paz requiere tiempo.<\/strong><\/p>\n<p>Esa es una de las conclusiones de la intervenci\u00f3n de Borja Paladini, acad\u00e9mico e investigador del Instituto Kroc de la Universidad de Notre Dame, invitado al Seminario Evaluaci\u00f3n del Acuerdo de Paz, que organiza la Universidad del Valle y el Sistema Universitario Estatal &#8211; SUE.<\/p>\n<p>La ponencia de Paladini hizo parte del panel \u201cLa construcci\u00f3n de la paz territorial, el proceso desde las regiones y el papel de las universidades\u201d, durante la apertura de la jornada del \u00faltimo d\u00eda del Seminario, que se adelanta en el Hotel Spiwak de Cali. De este panel tambi\u00e9n hicieron parte el director del Programa Institucional de Paz de la Universidad del Valle Adolfo Adri\u00e1n \u00c1lvarez y el secretario de paz del Valle Fabio Cardozo. El panel fue moderado por la decana de la Facultad de Humanidades Gladys Stella L\u00f3pez Jim\u00e9nez.<\/p>\n<p>Paladini sostuvo que la paz se lograr\u00e1 en un di\u00e1logo entre las experiencias que se gesten desde las regiones y territorios y los contenidos del Acuerdo. Esta construcci\u00f3n adem\u00e1s presenta unos retos, desde la agenda contemplada desde la institucionalidad (desarrollo rural, participaci\u00f3n pol\u00edtica, erradicaci\u00f3n de cultivos il\u00edcitos, justicia transicional, entre otros), as\u00ed como unos retos \u00e9ticos y metodol\u00f3gicos.<\/p>\n<p>Entre los retos \u00e9ticos se encuentra la construcci\u00f3n de otro tipo de legitimidades, como por ejemplo, la de las v\u00edctimas, que deben estar en el centro de la atenci\u00f3n.<\/p>\n<p>El proceso de construcci\u00f3n de paz debe dar respuestas a las expectativas de las comunidades y, tambi\u00e9n, transformar las instituciones para lograr que lo pactado en el Acuerdo se ratifique en las regiones, logrando que la paz sea un punto de encuentro entre diversos sectores, ideolog\u00edas, es decir, la diversidad de toda la poblaci\u00f3n.<\/p>\n<p>Paladini sostuvo que es necesario superar la polarizaci\u00f3n del debate, que algunos actores dejen de estar m\u00e1s interesados en demostrar que sus interlocutores est\u00e1n equivocados para pasar a escenarios y din\u00e1micas de di\u00e1logo. El investigador finaliz\u00f3 diciendo que se requiere que el Estado tenga un trabajo m\u00e1s territorial, pero con una l\u00f3gica m\u00e1s articulada y cohesionada.<\/p>\n<p>Por su parte, el profesor Adolfo Adri\u00e1n \u00c1lvarez se\u00f1al\u00f3 que una de las innovaciones del Acuerdo de Paz colombiano frente a otros acuerdos es la idea de paz territorial, que busca generar aprendizajes desde las regiones, una alternativa para trabajar desigualdades que fueron profundizadas por el conflicto armado. Esta noci\u00f3n va articulada con la de desarrollo territorial.<\/p>\n<p>Esta noci\u00f3n de paz territorial implica nuevas reglas de juego: instituciones que garanticen los derechos en los territorios as\u00ed como la creaci\u00f3n de instancias b\u00e1sicas de participaci\u00f3n.<\/p>\n<p>Para el profesor \u00c1lvarez, la paz territorial implica la creaci\u00f3n de una agenda com\u00fan construida de manera colectiva, con el liderazgo y la participaci\u00f3n de las comunidades. As\u00ed mismo, es necesario un redise\u00f1o institucional para dar v\u00eda a ciertas propuestas desde los territorios, en las que confluyan actores como los gobiernos municipales, polic\u00eda, movimientos pol\u00edticos, l\u00edderes comunitarios, empresas y universidades. Con estos actores se puede lograr un empoderamiento pacifista, pasar la p\u00e1gina y mirar la paz en sus distintas dimensiones, generando din\u00e1micas de participaci\u00f3n desde las comunidades.<\/p>\n<p>Finalmente,el secretario de paz del Valle Fabio Cardozo expuso el trabajo que desde la Gobernaci\u00f3n del Departamento se ha liderado con las comunidades y que ha permitido conocer las experiencias y procesos que desde los territorios se est\u00e1n gestando. Estos ejercicios permiten al Estado, trabajar y repensarse, m\u00e1s all\u00e1 de los escenarios de guerra, a partir de la interlocuci\u00f3n e interacci\u00f3n con las comunidades.<\/p>\n<p>Fuente: <a href=\"http:\/\/www.univalle.edu.co\/lo-que-pasa-en-la-u\/construccion-paz-territorial\/#\">Agencia de Noticias Univalle<\/a><\/p>\n","protected":false},"excerpt":{"rendered":"<p>La paz genera expectativas de cambio que a corto plazo no ser\u00e1n saciadas. La construcci\u00f3n de la paz requiere tiempo. Esa es una de las conclusiones de la intervenci\u00f3n de Borja Paladini, acad\u00e9mico e investigador del Instituto Kroc de la Universidad de Notre Dame, invitado al Seminario Evaluaci\u00f3n del Acuerdo[&#8230;]<\/p>\n","protected":false},"author":1,"featured_media":19119,"comment_status":"open","ping_status":"open","sticky":false,"template":"","format":"standard","meta":{"footnotes":""},"categories":[4],"tags":[],"_links":{"self":[{"href":"https:\/\/emisora.univalle.edu.co\/index.php\/wp-json\/wp\/v2\/posts\/19118"}],"collection":[{"href":"https:\/\/emisora.univalle.edu.co\/index.php\/wp-json\/wp\/v2\/posts"}],"about":[{"href":"https:\/\/emisora.univalle.edu.co\/index.php\/wp-json\/wp\/v2\/types\/post"}],"author":[{"embeddable":true,"href":"https:\/\/emisora.univalle.edu.co\/index.php\/wp-json\/wp\/v2\/users\/1"}],"replies":[{"embeddable":true,"href":"https:\/\/emisora.univalle.edu.co\/index.php\/wp-json\/wp\/v2\/comments?post=19118"}],"version-history":[{"count":1,"href":"https:\/\/emisora.univalle.edu.co\/index.php\/wp-json\/wp\/v2\/posts\/19118\/revisions"}],"predecessor-version":[{"id":19120,"href":"https:\/\/emisora.univalle.edu.co\/index.php\/wp-json\/wp\/v2\/posts\/19118\/revisions\/19120"}],"wp:featuredmedia":[{"embeddable":true,"href":"https:\/\/emisora.univalle.edu.co\/index.php\/wp-json\/wp\/v2\/media\/19119"}],"wp:attachment":[{"href":"https:\/\/emisora.univalle.edu.co\/index.php\/wp-json\/wp\/v2\/media?parent=19118"}],"wp:term":[{"taxonomy":"category","embeddable":true,"href":"https:\/\/emisora.univalle.edu.co\/index.php\/wp-json\/wp\/v2\/categories?post=19118"},{"taxonomy":"post_tag","embeddable":true,"href":"https:\/\/emisora.univalle.edu.co\/index.php\/wp-json\/wp\/v2\/tags?post=19118"}],"curies":[{"name":"wp","href":"https:\/\/api.w.org\/{rel}","templated":true}]}}