{"id":19157,"date":"2017-11-10T08:47:32","date_gmt":"2017-11-10T13:47:32","guid":{"rendered":"https:\/\/emisora.univalle.edu.co\/?p=19157"},"modified":"2017-11-14T13:55:21","modified_gmt":"2017-11-14T18:55:21","slug":"clausura-del-diplomado-paz-y-reconciliacion-con-la-naturaleza","status":"publish","type":"post","link":"https:\/\/emisora.univalle.edu.co\/index.php\/clausura-del-diplomado-paz-y-reconciliacion-con-la-naturaleza\/","title":{"rendered":"Clausura del diplomado \u201cPaz y Reconciliaci\u00f3n con la Naturaleza\u201d"},"content":{"rendered":"<p>La Universidad del Valle desde la Direcci\u00f3n de Extensi\u00f3n y Educaci\u00f3n Continua \u2013 DEEC y el Instituto de Educaci\u00f3n y Pedagog\u00eda \u2013IEP y Agenda Ambiental, con el apoyo y soporte de World Wildlife Fund. INC &#8211; WWF y la Fundaci\u00f3n Hanns Seidel Stiftung e. \u2013 HSS de Alemania, han culminado con el Diplomado \u201cPaz y Reconciliaci\u00f3n con la Naturaleza\u201d, el cual tuvo como objetivo avanzar en un reconocimiento de las causas del conflicto y la identificaci\u00f3n y reconocimiento de la responsabilidad hist\u00f3rica frente a las problem\u00e1ticas ambientales y su relaci\u00f3n con el conflicto armado en el pa\u00eds.<\/p>\n<p>En el marco de lo anterior, le invitamos al acto de clausura el d\u00eda: 16 de noviembre, Hora: 8:30pm, Lugar: Edificio 387 \u2013 Ciencias Sociales y Econ\u00f3micas &#8211; Auditorio Antonio J. Posada.<\/p>\n<p>La conferencia final \u201cCiencia, tecnolog\u00eda, investigaci\u00f3n e innovaci\u00f3n. \u00bfRetos para la gobernabilidad?\u201d, contar\u00e1 con la participaci\u00f3n del Dr. Carlos Fonseca Zarate (Ex viceministro de Ambiente, Ex Director del Ideam y Ex director de Colciencias), Sr. Camilo Ernesto Serrano (Vocero de las FARC) y Sr. Carlos Cu\u00e9llar (Vocero del ELN).<\/p>\n<p>Es para nosotros un honor poder contar con su participaci\u00f3n<\/p>\n<p>En la Plataforma de Agenda Ambiental, encontrar\u00e1n descripci\u00f3n de cada una de las conferencias, bibliograf\u00eda y, webgraf\u00eda relacionada al tema.<\/p>\n<p><strong>S\u00edguenos en redes sociales<\/strong><\/p>\n<p><a href=\"https:\/\/www.facebook.com\/PazyReconciliacion\/\">Facebook<\/a><\/p>\n<p>Paz y Reconciliacion<\/p>\n<p>Twitter<\/p>\n<p><a href=\"http:\/\/bit.ly\/2u1w66q\">http:\/\/bit.ly\/2u1w66q<\/a><\/p>\n<p>Record\u00e1ndoles que el Diplomado inicio el 15 junio y va hasta 16 noviembre, se presenta cada 15 d\u00edas de 8:30 AM a 5:00 PM.<\/p>\n<p>M\u00c1S INFORMACI\u00d3N<\/p>\n<p><a href=\"mailto:reconciliacion.naturaleza@correounivalle.edu.co\">reconciliacion.naturaleza@correounivalle.edu.co<\/a><\/p>\n<p style=\"text-align: left;\"><strong>317 658 79 57<\/strong><\/p>\n<p style=\"text-align: center;\"><iframe loading=\"lazy\" src=\"https:\/\/www.youtube.com\/embed\/JVu8J3Bq5Z0\" width=\"560\" height=\"315\" frameborder=\"0\" allowfullscreen=\"allowfullscreen\"><\/iframe><\/p>\n<p>Fuente: Agencia de Noticias Univalle<\/p>\n","protected":false},"excerpt":{"rendered":"<p>La Universidad del Valle desde la Direcci\u00f3n de Extensi\u00f3n y Educaci\u00f3n Continua \u2013 DEEC y el Instituto de Educaci\u00f3n y Pedagog\u00eda \u2013IEP y Agenda Ambiental, con el apoyo y soporte de World Wildlife Fund. INC &#8211; WWF y la Fundaci\u00f3n Hanns Seidel Stiftung e. \u2013 HSS de Alemania, han culminado[&#8230;]<\/p>\n","protected":false},"author":1,"featured_media":19161,"comment_status":"open","ping_status":"open","sticky":false,"template":"","format":"standard","meta":{"footnotes":""},"categories":[4],"tags":[],"_links":{"self":[{"href":"https:\/\/emisora.univalle.edu.co\/index.php\/wp-json\/wp\/v2\/posts\/19157"}],"collection":[{"href":"https:\/\/emisora.univalle.edu.co\/index.php\/wp-json\/wp\/v2\/posts"}],"about":[{"href":"https:\/\/emisora.univalle.edu.co\/index.php\/wp-json\/wp\/v2\/types\/post"}],"author":[{"embeddable":true,"href":"https:\/\/emisora.univalle.edu.co\/index.php\/wp-json\/wp\/v2\/users\/1"}],"replies":[{"embeddable":true,"href":"https:\/\/emisora.univalle.edu.co\/index.php\/wp-json\/wp\/v2\/comments?post=19157"}],"version-history":[{"count":2,"href":"https:\/\/emisora.univalle.edu.co\/index.php\/wp-json\/wp\/v2\/posts\/19157\/revisions"}],"predecessor-version":[{"id":19165,"href":"https:\/\/emisora.univalle.edu.co\/index.php\/wp-json\/wp\/v2\/posts\/19157\/revisions\/19165"}],"wp:featuredmedia":[{"embeddable":true,"href":"https:\/\/emisora.univalle.edu.co\/index.php\/wp-json\/wp\/v2\/media\/19161"}],"wp:attachment":[{"href":"https:\/\/emisora.univalle.edu.co\/index.php\/wp-json\/wp\/v2\/media?parent=19157"}],"wp:term":[{"taxonomy":"category","embeddable":true,"href":"https:\/\/emisora.univalle.edu.co\/index.php\/wp-json\/wp\/v2\/categories?post=19157"},{"taxonomy":"post_tag","embeddable":true,"href":"https:\/\/emisora.univalle.edu.co\/index.php\/wp-json\/wp\/v2\/tags?post=19157"}],"curies":[{"name":"wp","href":"https:\/\/api.w.org\/{rel}","templated":true}]}}