{"id":19166,"date":"2017-11-10T08:55:38","date_gmt":"2017-11-10T13:55:38","guid":{"rendered":"https:\/\/emisora.univalle.edu.co\/?p=19166"},"modified":"2017-11-14T13:55:12","modified_gmt":"2017-11-14T18:55:12","slug":"dialogo-intercultural-desafios-de-la-formacion-en-univalle","status":"publish","type":"post","link":"https:\/\/emisora.univalle.edu.co\/index.php\/dialogo-intercultural-desafios-de-la-formacion-en-univalle\/","title":{"rendered":"Di\u00e1logo Intercultural: Desaf\u00edos de la formaci\u00f3n en Univalle"},"content":{"rendered":"<p>Di\u00e1logo Intercultural es una invitaci\u00f3n a toda la comunidad en un espacio entre los diferentes escenarios que aportan a una consolidaci\u00f3n de la cultura Acad\u00e9mica.<\/p>\n<p>El evento tiene como escenario el auditorio de Ingenier\u00eda El\u00e9ctrica y Electr\u00f3nica en el edificio 355 de la Facultad de Ingenier\u00eda de Mel\u00e9ndez, este 17 de noviembre desde la 8 de la ma\u00f1ana hasta las 12:30.<\/p>\n<p>En el siguiente enlace <a href=\"https:\/\/drive.google.com\/file\/d\/1CwyDOFOWjOgKf_RI62DNEJ4hOtfMIfjm\/view\">https:\/\/drive.google.com\/file\/d\/1CwyDOFOWjOgKf_RI62DNEJ4hOtfMIfjm\/view<\/a><\/p>\n<p>Fuente: Agencia de Noticias Univalle<\/p>\n","protected":false},"excerpt":{"rendered":"<p>Di\u00e1logo Intercultural es una invitaci\u00f3n a toda la comunidad en un espacio entre los diferentes escenarios que aportan a una consolidaci\u00f3n de la cultura Acad\u00e9mica. El evento tiene como escenario el auditorio de Ingenier\u00eda El\u00e9ctrica y Electr\u00f3nica en el edificio 355 de la Facultad de Ingenier\u00eda de Mel\u00e9ndez, este 17[&#8230;]<\/p>\n","protected":false},"author":1,"featured_media":19159,"comment_status":"open","ping_status":"open","sticky":false,"template":"","format":"standard","meta":{"footnotes":""},"categories":[4],"tags":[],"_links":{"self":[{"href":"https:\/\/emisora.univalle.edu.co\/index.php\/wp-json\/wp\/v2\/posts\/19166"}],"collection":[{"href":"https:\/\/emisora.univalle.edu.co\/index.php\/wp-json\/wp\/v2\/posts"}],"about":[{"href":"https:\/\/emisora.univalle.edu.co\/index.php\/wp-json\/wp\/v2\/types\/post"}],"author":[{"embeddable":true,"href":"https:\/\/emisora.univalle.edu.co\/index.php\/wp-json\/wp\/v2\/users\/1"}],"replies":[{"embeddable":true,"href":"https:\/\/emisora.univalle.edu.co\/index.php\/wp-json\/wp\/v2\/comments?post=19166"}],"version-history":[{"count":1,"href":"https:\/\/emisora.univalle.edu.co\/index.php\/wp-json\/wp\/v2\/posts\/19166\/revisions"}],"predecessor-version":[{"id":19168,"href":"https:\/\/emisora.univalle.edu.co\/index.php\/wp-json\/wp\/v2\/posts\/19166\/revisions\/19168"}],"wp:featuredmedia":[{"embeddable":true,"href":"https:\/\/emisora.univalle.edu.co\/index.php\/wp-json\/wp\/v2\/media\/19159"}],"wp:attachment":[{"href":"https:\/\/emisora.univalle.edu.co\/index.php\/wp-json\/wp\/v2\/media?parent=19166"}],"wp:term":[{"taxonomy":"category","embeddable":true,"href":"https:\/\/emisora.univalle.edu.co\/index.php\/wp-json\/wp\/v2\/categories?post=19166"},{"taxonomy":"post_tag","embeddable":true,"href":"https:\/\/emisora.univalle.edu.co\/index.php\/wp-json\/wp\/v2\/tags?post=19166"}],"curies":[{"name":"wp","href":"https:\/\/api.w.org\/{rel}","templated":true}]}}