{"id":19185,"date":"2017-11-10T16:14:24","date_gmt":"2017-11-10T21:14:24","guid":{"rendered":"https:\/\/emisora.univalle.edu.co\/?p=19185"},"modified":"2017-11-14T13:54:54","modified_gmt":"2017-11-14T18:54:54","slug":"piero-hizo-vibrar-a-univalle","status":"publish","type":"post","link":"https:\/\/emisora.univalle.edu.co\/index.php\/piero-hizo-vibrar-a-univalle\/","title":{"rendered":"Piero hizo vibrar a Univalle"},"content":{"rendered":"<p>Piero lleg\u00f3 a Univalle cuando la ciudad se hab\u00eda vestido de noche. El tr\u00e1fico de las calles cale\u00f1as retras\u00f3 un poco su llegada al campus de Mel\u00e9ndez donde los asistentes esperaban ansiosos su presentaci\u00f3n. Vest\u00eda con la sencillez de siempre: camisa a cuadros, pantal\u00f3n de dril color vino tinto y tenis.<\/p>\n<p>\u00abEstoy muy feliz de volver a Cali y estar aqu\u00ed en la Universidad de la gente\u00bb, le dijo al p\u00fablico. Por cerca de dos horas cant\u00f3 muchos de sus \u00e9xitos, m\u00fasica que ha creado lazos de fraternidad entre gente de varias generaciones. Piero, un hombre cuyo coraz\u00f3n ech\u00f3 ra\u00edces en el pa\u00eds y que ha demostrado ganado el amor de los colombianos, un trovador de canciones pausadas, rom\u00e1nticas, tambi\u00e9n muy sociales y con mensaje pol\u00edtico.<\/p>\n<p><a href=\"https:\/\/emisora.univalle.edu.co\/piero-hizo-vibrar-a-univalle\/piero1\/\" rel=\"attachment wp-att-19188\"><img loading=\"lazy\" decoding=\"async\" class=\"alignleft  wp-image-19188\" src=\"https:\/\/emisora.univalle.edu.co\/wp-content\/uploads\/2017\/11\/piero1.jpg\" alt=\"\" width=\"564\" height=\"376\" srcset=\"https:\/\/emisora.univalle.edu.co\/wp-content\/uploads\/2017\/11\/piero1.jpg 2976w, https:\/\/emisora.univalle.edu.co\/wp-content\/uploads\/2017\/11\/piero1-300x200.jpg 300w, https:\/\/emisora.univalle.edu.co\/wp-content\/uploads\/2017\/11\/piero1-768x512.jpg 768w, https:\/\/emisora.univalle.edu.co\/wp-content\/uploads\/2017\/11\/piero1-1024x683.jpg 1024w, https:\/\/emisora.univalle.edu.co\/wp-content\/uploads\/2017\/11\/piero1-560x373.jpg 560w\" sizes=\"(max-width: 564px) 100vw, 564px\" \/><\/a>Algunos pueden creer que la m\u00fasica de este cantautor que cautiv\u00f3 a la generaci\u00f3n de los 60 solo la conocen los j\u00f3venes de esa \u00e9poca. Sin embargo, muchos estudiantes cantaron anoche a viva voz los \u00e9xitos de Piero. Con temas como \u201cLa creaci\u00f3n\u201d y \u201cLa sinfon\u00eda inconclusa en la mar\u201d invit\u00f3 a los asistentes a ser ni\u00f1os de nuevo. Cant\u00f3 temas de \u201cAm\u00e9rica\u201d, su m\u00e1s reciente producci\u00f3n discogr\u00e1fica. \u201cMi viejo\u201d despert\u00f3 la nostalgia de los asistentes. Varias j\u00f3venes cantaron con sentimiento, \u201cLlegando llegaste\u201d,\u201dSi vos te vas\u201d y \u201cTengo la piel cansada de la tarde\u201d, entre otras.<\/p>\n<p>Luego de casi dos horas, Piero baj\u00f3 de la tarima. Parec\u00eda que el espect\u00e1culo hab\u00eda terminado pero la gente le pidi\u00f3 que volviera, a\u00fan faltaban muchas canciones por interpretar. Y \u00e9l, como todo buen artista que se debe a su p\u00fablico, regres\u00f3 para complacerlos con algunas de las m\u00e1s famosas. Fue precisamente con \u201cLos americanos\u201d, una de esas canciones que no puede faltar en su repertorio, que el p\u00fablico univalluno cant\u00f3 a una sola voz con el artista.<\/p>\n<p>El profesor Luis Carlos Castillo, secretario general de la Universidad, le entreg\u00f3 a Piero como obsequio un dvd d el Oratorio R\u00edo de los Muertos, sinfon\u00eda compuesta y dirigida por el maestro Alberto Guzm\u00e1n, as\u00ed como otras publicaciones del Programa Editorial que dan cuenta del patrimonio cultural de la instituci\u00f3n. Tambi\u00e9n varios libros del Programa Editorial de Univalle.<\/p>\n<p>Al final de su presentaci\u00f3n Piero clam\u00f3 para que Colombia renazca con la paz y para que la gente y se una y construyera convivencia, venciendo todos los obst\u00e1culos en un escenario de di\u00e1logo y reconciliaci\u00f3n.<\/p>\n<p><a href=\"https:\/\/emisora.univalle.edu.co\/piero-hizo-vibrar-a-univalle\/piero2\/\" rel=\"attachment wp-att-19189\"><img loading=\"lazy\" decoding=\"async\" class=\"wp-image-19189 alignright\" src=\"https:\/\/emisora.univalle.edu.co\/wp-content\/uploads\/2017\/11\/piero2.jpg\" alt=\"\" width=\"479\" height=\"319\" srcset=\"https:\/\/emisora.univalle.edu.co\/wp-content\/uploads\/2017\/11\/piero2.jpg 2976w, https:\/\/emisora.univalle.edu.co\/wp-content\/uploads\/2017\/11\/piero2-300x200.jpg 300w, https:\/\/emisora.univalle.edu.co\/wp-content\/uploads\/2017\/11\/piero2-768x512.jpg 768w, https:\/\/emisora.univalle.edu.co\/wp-content\/uploads\/2017\/11\/piero2-1024x683.jpg 1024w, https:\/\/emisora.univalle.edu.co\/wp-content\/uploads\/2017\/11\/piero2-560x373.jpg 560w\" sizes=\"(max-width: 479px) 100vw, 479px\" \/><\/a><\/p>\n<p><strong>Un aut\u00f3grafo para mam\u00e1.<\/strong><\/p>\n<p>Juan Carlos Rodr\u00edguez lleg\u00f3 una hora antes a las canchas de volibol del campus de Mel\u00e9ndez. Llevaba entre sus pertenencias la biograf\u00eda autorizada de Piero que en junio de este a\u00f1o hab\u00eda publicado la periodista Maure\u00e9n Maya. Su objetivo, lograr como fuera posible, que el artista italo-argentino, nacionalizado en Colombia, le autografiara el libro\u00a0 para Ligia, su madre.<\/p>\n<p>Al igual que Juan, cerca de 1500 personas se acercaron a las canchas para apreciar el espect\u00e1culo. Estudiantes, docentes, egresados, funcionarios, jubilados, personas de la ciudadan\u00eda en general quer\u00edan escuchar al m\u00fasico que desde hace varias d\u00e9cadas le canta a la vida, a la esperanza.<\/p>\n<p>Con este concierto se cerr\u00f3 una semana en la que la Universidad del Valle lider\u00f3, con el acompa\u00f1amiento del Sistema Universitario Estatal, el \u201cSeminario Evaluaci\u00f3n del Acuerdo de Paz. Primer a\u00f1o avances y retos\u201d donde acad\u00e9micos e investigadores generaron reflexiones a ra\u00edz del primer a\u00f1o de la firma del Acuerdo de Paz y su implementaci\u00f3n, un proceso que debe generar un escenario de di\u00e1logo donde las diferentes opiniones y puntos de vista permitan construir la paz en los territorios.<\/p>\n<p>La paz es un compromiso de todos los colombianos. Es por ese motivo que las 32 universidades p\u00fablicas del pa\u00eds han acompa\u00f1ado desde sus inicios las negociaciones, la firma del Acuerdo y su implementaci\u00f3n, poniendo al servicio de la sociedad civil, as\u00ed como de los actores del conflicto sus experiencias, saberes y aulas.<\/p>\n<p><a href=\"https:\/\/emisora.univalle.edu.co\/piero-hizo-vibrar-a-univalle\/piero3\/\" rel=\"attachment wp-att-19190\"><img loading=\"lazy\" decoding=\"async\" class=\"alignleft  wp-image-19190\" src=\"https:\/\/emisora.univalle.edu.co\/wp-content\/uploads\/2017\/11\/piero3.jpg\" alt=\"\" width=\"638\" height=\"426\" srcset=\"https:\/\/emisora.univalle.edu.co\/wp-content\/uploads\/2017\/11\/piero3.jpg 2976w, https:\/\/emisora.univalle.edu.co\/wp-content\/uploads\/2017\/11\/piero3-300x200.jpg 300w, https:\/\/emisora.univalle.edu.co\/wp-content\/uploads\/2017\/11\/piero3-768x512.jpg 768w, https:\/\/emisora.univalle.edu.co\/wp-content\/uploads\/2017\/11\/piero3-1024x683.jpg 1024w, https:\/\/emisora.univalle.edu.co\/wp-content\/uploads\/2017\/11\/piero3-560x373.jpg 560w\" sizes=\"(max-width: 638px) 100vw, 638px\" \/><\/a>A las cinco de la tarde Juli\u00e1n Rodr\u00edguez, el artista encargado de hacer apertura del concierto cant\u00f3 por algo m\u00e1s de una hora sus canciones cargadas de humor y esperanza con retratos de la realidad de la pobreza y violencia nacional. Juli\u00e1n Rodr\u00edguez es gestor cultural, m\u00fasico, actor y dramaturgo nacido en Sevilla Valle, que ha trabajado con los ni\u00f1os y ni\u00f1as de los sectores vulnerables de Cali para ellos transformen su realidad.<\/p>\n<p>Antes de bajar del escenario, alguien logr\u00f3 llevarle a Piero el libro de Juan de hacerlo firmar del artista. En medio de la gente que lo aclamaba, que quer\u00eda saludarlo, darle la mano o tomarse una foto, firm\u00f3 con un marcador fucsia el libro para Ligia. Todos salieron con el coraz\u00f3n plet\u00f3rico y una sonrisa en los labios, y alguno silbando: De vez en cuando viene bien dormir.<\/p>\n<p>Fuente: <a href=\"http:\/\/www.univalle.edu.co\/arte-y-cultura\/piero-univalle\/#\">Agencia de Noticias Univalle<\/a><\/p>\n","protected":false},"excerpt":{"rendered":"<p>Piero lleg\u00f3 a Univalle cuando la ciudad se hab\u00eda vestido de noche. El tr\u00e1fico de las calles cale\u00f1as retras\u00f3 un poco su llegada al campus de Mel\u00e9ndez donde los asistentes esperaban ansiosos su presentaci\u00f3n. Vest\u00eda con la sencillez de siempre: camisa a cuadros, pantal\u00f3n de dril color vino tinto y[&#8230;]<\/p>\n","protected":false},"author":1,"featured_media":19187,"comment_status":"open","ping_status":"open","sticky":false,"template":"","format":"standard","meta":{"footnotes":""},"categories":[4],"tags":[],"_links":{"self":[{"href":"https:\/\/emisora.univalle.edu.co\/index.php\/wp-json\/wp\/v2\/posts\/19185"}],"collection":[{"href":"https:\/\/emisora.univalle.edu.co\/index.php\/wp-json\/wp\/v2\/posts"}],"about":[{"href":"https:\/\/emisora.univalle.edu.co\/index.php\/wp-json\/wp\/v2\/types\/post"}],"author":[{"embeddable":true,"href":"https:\/\/emisora.univalle.edu.co\/index.php\/wp-json\/wp\/v2\/users\/1"}],"replies":[{"embeddable":true,"href":"https:\/\/emisora.univalle.edu.co\/index.php\/wp-json\/wp\/v2\/comments?post=19185"}],"version-history":[{"count":2,"href":"https:\/\/emisora.univalle.edu.co\/index.php\/wp-json\/wp\/v2\/posts\/19185\/revisions"}],"predecessor-version":[{"id":19192,"href":"https:\/\/emisora.univalle.edu.co\/index.php\/wp-json\/wp\/v2\/posts\/19185\/revisions\/19192"}],"wp:featuredmedia":[{"embeddable":true,"href":"https:\/\/emisora.univalle.edu.co\/index.php\/wp-json\/wp\/v2\/media\/19187"}],"wp:attachment":[{"href":"https:\/\/emisora.univalle.edu.co\/index.php\/wp-json\/wp\/v2\/media?parent=19185"}],"wp:term":[{"taxonomy":"category","embeddable":true,"href":"https:\/\/emisora.univalle.edu.co\/index.php\/wp-json\/wp\/v2\/categories?post=19185"},{"taxonomy":"post_tag","embeddable":true,"href":"https:\/\/emisora.univalle.edu.co\/index.php\/wp-json\/wp\/v2\/tags?post=19185"}],"curies":[{"name":"wp","href":"https:\/\/api.w.org\/{rel}","templated":true}]}}