{"id":19193,"date":"2017-11-10T16:15:29","date_gmt":"2017-11-10T21:15:29","guid":{"rendered":"https:\/\/emisora.univalle.edu.co\/?p=19193"},"modified":"2017-11-14T13:54:46","modified_gmt":"2017-11-14T18:54:46","slug":"los-desafios-de-la-calidad-como-eje-transversal-para-la-excelencia","status":"publish","type":"post","link":"https:\/\/emisora.univalle.edu.co\/index.php\/los-desafios-de-la-calidad-como-eje-transversal-para-la-excelencia\/","title":{"rendered":"Los desaf\u00edos de la calidad como eje transversal para la excelencia"},"content":{"rendered":"<p>El Ministerio de Educaci\u00f3n Nacional design\u00f3 a la Universidad del Valle para compartir y socializar los conocimientos adquiridos durante varios a\u00f1os en temas relacionados con la acreditaci\u00f3n de alta calidad. Como parte de este compromiso la instituci\u00f3n organiz\u00f3 el Encuentro \u2018Los desaf\u00edos de la calidad como eje transversal para la excelencia acad\u00e9mica de las Instituciones de Educaci\u00f3n Superior\u2019.<\/p>\n<p>Al evento, que se realiz\u00f3 en convenio con el Ministerio de Educaci\u00f3n Nacional, asistieron directivos, profesores y profesionales de varias Instituciones de Educaci\u00f3n Superior de la regi\u00f3n.<\/p>\n<p>En la instalaci\u00f3n del Encuentro la profesora Liliana Arias castillo, vicerrectora acad\u00e9mica de la Universidad del Valle explic\u00f3 que la tarea de socializar las experiencias de la instituci\u00f3n, en lo relacionado con la acreditaci\u00f3n, se asign\u00f3 a quien lidera la Direcci\u00f3n de Autoevaluaci\u00f3n y Calidad Acad\u00e9mica en la Universidad, profesora Claudia Mar\u00eda Pay\u00e1n, quien cuenta con amplia experiencia en el tema, ya que la instituci\u00f3n cuenta con acreditaci\u00f3n de alta calidad institucional y la acreditaci\u00f3n de varios programas acad\u00e9micos de pregrado y posgrado.<\/p>\n<p>Durante el Encuentro que se realiz\u00f3 este jueves 9 de noviembre, en el Auditorio \u00c1ngel Mar\u00eda Zapata de la Biblioteca Mario Carvajal, en el Campus de Mel\u00e9ndez de la Universidad del Valle, la vicerrectora acad\u00e9mica dijo que \u201cEste es el espacio propicio para hacer una reflexi\u00f3n colectiva que permita enriquecer los saberes de los presentes, entender los retos y dificultades de cada una de las instituciones de educaci\u00f3n superior que aqu\u00ed participan, y poder as\u00ed trabajar mancomunadamente en un objetivo que ser\u00e1 de gran beneficio para toda la regi\u00f3n y el pa\u00eds, pues sabemos que el principal enemigo del desarrollo social es la falta de educaci\u00f3n\u201d.<\/p>\n<p>Fuente: Agencia de Noticias Univalle<\/p>\n","protected":false},"excerpt":{"rendered":"<p>El Ministerio de Educaci\u00f3n Nacional design\u00f3 a la Universidad del Valle para compartir y socializar los conocimientos adquiridos durante varios a\u00f1os en temas relacionados con la acreditaci\u00f3n de alta calidad. Como parte de este compromiso la instituci\u00f3n organiz\u00f3 el Encuentro \u2018Los desaf\u00edos de la calidad como eje transversal para la[&#8230;]<\/p>\n","protected":false},"author":1,"featured_media":19186,"comment_status":"open","ping_status":"open","sticky":false,"template":"","format":"standard","meta":{"footnotes":""},"categories":[4],"tags":[],"_links":{"self":[{"href":"https:\/\/emisora.univalle.edu.co\/index.php\/wp-json\/wp\/v2\/posts\/19193"}],"collection":[{"href":"https:\/\/emisora.univalle.edu.co\/index.php\/wp-json\/wp\/v2\/posts"}],"about":[{"href":"https:\/\/emisora.univalle.edu.co\/index.php\/wp-json\/wp\/v2\/types\/post"}],"author":[{"embeddable":true,"href":"https:\/\/emisora.univalle.edu.co\/index.php\/wp-json\/wp\/v2\/users\/1"}],"replies":[{"embeddable":true,"href":"https:\/\/emisora.univalle.edu.co\/index.php\/wp-json\/wp\/v2\/comments?post=19193"}],"version-history":[{"count":1,"href":"https:\/\/emisora.univalle.edu.co\/index.php\/wp-json\/wp\/v2\/posts\/19193\/revisions"}],"predecessor-version":[{"id":19194,"href":"https:\/\/emisora.univalle.edu.co\/index.php\/wp-json\/wp\/v2\/posts\/19193\/revisions\/19194"}],"wp:featuredmedia":[{"embeddable":true,"href":"https:\/\/emisora.univalle.edu.co\/index.php\/wp-json\/wp\/v2\/media\/19186"}],"wp:attachment":[{"href":"https:\/\/emisora.univalle.edu.co\/index.php\/wp-json\/wp\/v2\/media?parent=19193"}],"wp:term":[{"taxonomy":"category","embeddable":true,"href":"https:\/\/emisora.univalle.edu.co\/index.php\/wp-json\/wp\/v2\/categories?post=19193"},{"taxonomy":"post_tag","embeddable":true,"href":"https:\/\/emisora.univalle.edu.co\/index.php\/wp-json\/wp\/v2\/tags?post=19193"}],"curies":[{"name":"wp","href":"https:\/\/api.w.org\/{rel}","templated":true}]}}