{"id":19195,"date":"2017-11-10T16:19:05","date_gmt":"2017-11-10T21:19:05","guid":{"rendered":"https:\/\/emisora.univalle.edu.co\/?p=19195"},"modified":"2017-11-14T13:54:38","modified_gmt":"2017-11-14T18:54:38","slug":"alianzas-publico-privadas-en-salud","status":"publish","type":"post","link":"https:\/\/emisora.univalle.edu.co\/index.php\/alianzas-publico-privadas-en-salud\/","title":{"rendered":"Alianzas p\u00fablico &#8211; privadas en salud"},"content":{"rendered":"<p>Con \u00e9xito se realiz\u00f3 en Cali el \u201cEncuentro Colombo-Brasilero: Experiencias exitosas para la gesti\u00f3n en salud\u201d, que reuni\u00f3 a acad\u00e9micos e investigadores en las instalaciones del Hotel Spiwak.<\/p>\n<p>Del acto de apertura hicieron parte el profesor Adalberto S\u00e1nchez, vicedecano de Investigaciones de la Facultad de Salud; Danilo Oliveira Dasilva, director de desarrollo de la Asociaci\u00f3n de Beneficencia de Asistencia Social Hospitalaria Pro Saude de Brasil; Mar\u00eda Cristina Lesmes Duque, secretaria de salud departamental; Jos\u00e9 Fernando Arias, director de prestaci\u00f3n y atenci\u00f3n primaria del Ministerio de Salud y Protecci\u00f3n Social; Alexander Dur\u00e1n, secretario de salud municipal y el profesor Fabi\u00e1n M\u00e9ndez Paz, director de la Escuela de Salud P\u00fablica.<\/p>\n<p>El \u201cEncuentro Colombo-Brasilero: Experiencias exitosas para la gesti\u00f3n en salud\u201d, es organizado por la Maestr\u00eda en Administraci\u00f3n en Salud de la Universidad del Valle. Se espera institucionalizarlo y realizarlo cada dos a\u00f1os, con la participaci\u00f3n de los diferentes actores de los sistemas de salud de los pa\u00edses invitados.<\/p>\n<p>El primer Encuentro tuvo como pa\u00eds invitado a Brasil, con el que compartieron experiencias exitosas en gesti\u00f3n hospitalaria, con el \u00e1nimo de conocer los desarrollos logrados a partir de nuevas formas de \u201chacer\u201d y c\u00f3mo estas pr\u00e1cticas innovadoras dan como resultado mejoras en los indicadores de salud, satisfacci\u00f3n de los usuarios frente a los servicios de salud, mejoras en las condiciones laborales del sector y sostenibilidad financiera para el sistema.<\/p>\n<p>Ignacio Astorga, especialista l\u00edder en salud de la Divisi\u00f3n de Protecci\u00f3n Social y Salud del Banco Interamericano de Desarrollo, a trav\u00e9s de una videoconferencia present\u00f3 la ponencia de apertura \u201cAlianzas P\u00fablico Privadas en Salud como estrategia innovadora para la Gesti\u00f3n de Servicios de Salud\u201d, en la cual present\u00f3 algunas experiencias que se han gestado en Am\u00e9rica Latina en la cual este tipo de alianzas han sido un factor determinante para su \u00e9xito.<\/p>\n<p>Seg\u00fan Astorga, las alianzas p\u00fablico privadas van m\u00e1s all\u00e1 de la compra de servicios. En el BID se busca que este tipo de alianzas tengan tres metas: mejorar las condiciones de salud de la poblaci\u00f3n, la experiencia del cuidado y el costo per c\u00e1pita.<\/p>\n<p>Mientras que en el m\u00e9todo de contrataci\u00f3n tradicional, para el caso de construcci\u00f3n de un hospital se deben contratar por un lado el dise\u00f1o, la construcci\u00f3n, el mantenimiento, el equipamiento y la operaci\u00f3n cl\u00ednica, m\u00e1s los sobrecostos que esto pueda generar en cada una de las etapas, mediante una alianza entre actores p\u00fablicos y privados todas estas etapas se consolidan y puede llegar a ser m\u00e1s beneficioso. Es necesario evaluar el mecanismo que entregue mayor valor por menos inversi\u00f3n de dinero.<\/p>\n<p>La aplicaci\u00f3n del modelo de alianza p\u00fablico privada permite compartir el riesgo y agilizar resultados, como se ha dado en los casos de Per\u00fa, Reino Unido y Chile.<\/p>\n<p>Fuente: Agencia de Noticias Univalle<\/p>\n","protected":false},"excerpt":{"rendered":"<p>Con \u00e9xito se realiz\u00f3 en Cali el \u201cEncuentro Colombo-Brasilero: Experiencias exitosas para la gesti\u00f3n en salud\u201d, que reuni\u00f3 a acad\u00e9micos e investigadores en las instalaciones del Hotel Spiwak. Del acto de apertura hicieron parte el profesor Adalberto S\u00e1nchez, vicedecano de Investigaciones de la Facultad de Salud; Danilo Oliveira Dasilva, director[&#8230;]<\/p>\n","protected":false},"author":1,"featured_media":19196,"comment_status":"open","ping_status":"open","sticky":false,"template":"","format":"standard","meta":{"footnotes":""},"categories":[4],"tags":[],"_links":{"self":[{"href":"https:\/\/emisora.univalle.edu.co\/index.php\/wp-json\/wp\/v2\/posts\/19195"}],"collection":[{"href":"https:\/\/emisora.univalle.edu.co\/index.php\/wp-json\/wp\/v2\/posts"}],"about":[{"href":"https:\/\/emisora.univalle.edu.co\/index.php\/wp-json\/wp\/v2\/types\/post"}],"author":[{"embeddable":true,"href":"https:\/\/emisora.univalle.edu.co\/index.php\/wp-json\/wp\/v2\/users\/1"}],"replies":[{"embeddable":true,"href":"https:\/\/emisora.univalle.edu.co\/index.php\/wp-json\/wp\/v2\/comments?post=19195"}],"version-history":[{"count":1,"href":"https:\/\/emisora.univalle.edu.co\/index.php\/wp-json\/wp\/v2\/posts\/19195\/revisions"}],"predecessor-version":[{"id":19197,"href":"https:\/\/emisora.univalle.edu.co\/index.php\/wp-json\/wp\/v2\/posts\/19195\/revisions\/19197"}],"wp:featuredmedia":[{"embeddable":true,"href":"https:\/\/emisora.univalle.edu.co\/index.php\/wp-json\/wp\/v2\/media\/19196"}],"wp:attachment":[{"href":"https:\/\/emisora.univalle.edu.co\/index.php\/wp-json\/wp\/v2\/media?parent=19195"}],"wp:term":[{"taxonomy":"category","embeddable":true,"href":"https:\/\/emisora.univalle.edu.co\/index.php\/wp-json\/wp\/v2\/categories?post=19195"},{"taxonomy":"post_tag","embeddable":true,"href":"https:\/\/emisora.univalle.edu.co\/index.php\/wp-json\/wp\/v2\/tags?post=19195"}],"curies":[{"name":"wp","href":"https:\/\/api.w.org\/{rel}","templated":true}]}}