{"id":19200,"date":"2017-11-14T17:50:28","date_gmt":"2017-11-14T22:50:28","guid":{"rendered":"https:\/\/emisora.univalle.edu.co\/?p=19200"},"modified":"2017-11-20T10:30:29","modified_gmt":"2017-11-20T15:30:29","slug":"conversatorio-biodiversidad-urbana","status":"publish","type":"post","link":"https:\/\/emisora.univalle.edu.co\/index.php\/conversatorio-biodiversidad-urbana\/","title":{"rendered":"Conversatorio Biodiversidad Urbana"},"content":{"rendered":"<p><a href=\"https:\/\/emisora.univalle.edu.co\/conversatorio-biodiversidad-urbana\/conversatorio-copia\/\" rel=\"attachment wp-att-19201\"><img loading=\"lazy\" decoding=\"async\" class=\"alignleft size-full wp-image-19201\" src=\"https:\/\/emisora.univalle.edu.co\/wp-content\/uploads\/2017\/11\/conversatorio-copia.jpg\" alt=\"\" width=\"400\" height=\"310\" srcset=\"https:\/\/emisora.univalle.edu.co\/wp-content\/uploads\/2017\/11\/conversatorio-copia.jpg 400w, https:\/\/emisora.univalle.edu.co\/wp-content\/uploads\/2017\/11\/conversatorio-copia-300x233.jpg 300w\" sizes=\"(max-width: 400px) 100vw, 400px\" \/><\/a>Como parte de la estrategia de democratizaci\u00f3n de la informaci\u00f3n y apropiaci\u00f3n social del conocimiento, el \u00c1rea de Gesti\u00f3n Ambiental AGA y el Observatorio de Conflictos Ambientales Urbanos OCAU, invitan a la comunidad en general, al Conversatorio titulado: Biodiversidad Urbana<\/p>\n<p><strong>Invitados:<\/strong><\/p>\n<p><strong>DAFNA CAMILA ANGEL<\/strong><\/p>\n<p><strong>Fundaci\u00f3n Biodiversa Colombia<\/strong><\/p>\n<p><strong>RAFAEL CONTRERAS<\/strong><\/p>\n<p><strong>Docente Universidad Santiago de Cali<\/strong><\/p>\n<p>Fecha: noviembre 15 de 2017<\/p>\n<p>Hora: 5:30 pm<\/p>\n<p>Lugar: Auditorio Valle del Cauca &#8211; Sede Mel\u00e9ndez<\/p>\n<p>Fuente: <a href=\"http:\/\/www.univalle.edu.co\/medio-ambiente\/biodiversidad-urbana\/#\">Agencia de Noticias Univalle<\/a><\/p>\n","protected":false},"excerpt":{"rendered":"<p>Como parte de la estrategia de democratizaci\u00f3n de la informaci\u00f3n y apropiaci\u00f3n social del conocimiento, el \u00c1rea de Gesti\u00f3n Ambiental AGA y el Observatorio de Conflictos Ambientales Urbanos OCAU, invitan a la comunidad en general, al Conversatorio titulado: Biodiversidad Urbana Invitados: DAFNA CAMILA ANGEL Fundaci\u00f3n Biodiversa Colombia RAFAEL CONTRERAS Docente[&#8230;]<\/p>\n","protected":false},"author":1,"featured_media":19202,"comment_status":"open","ping_status":"open","sticky":false,"template":"","format":"standard","meta":{"footnotes":""},"categories":[4],"tags":[],"_links":{"self":[{"href":"https:\/\/emisora.univalle.edu.co\/index.php\/wp-json\/wp\/v2\/posts\/19200"}],"collection":[{"href":"https:\/\/emisora.univalle.edu.co\/index.php\/wp-json\/wp\/v2\/posts"}],"about":[{"href":"https:\/\/emisora.univalle.edu.co\/index.php\/wp-json\/wp\/v2\/types\/post"}],"author":[{"embeddable":true,"href":"https:\/\/emisora.univalle.edu.co\/index.php\/wp-json\/wp\/v2\/users\/1"}],"replies":[{"embeddable":true,"href":"https:\/\/emisora.univalle.edu.co\/index.php\/wp-json\/wp\/v2\/comments?post=19200"}],"version-history":[{"count":2,"href":"https:\/\/emisora.univalle.edu.co\/index.php\/wp-json\/wp\/v2\/posts\/19200\/revisions"}],"predecessor-version":[{"id":19204,"href":"https:\/\/emisora.univalle.edu.co\/index.php\/wp-json\/wp\/v2\/posts\/19200\/revisions\/19204"}],"wp:featuredmedia":[{"embeddable":true,"href":"https:\/\/emisora.univalle.edu.co\/index.php\/wp-json\/wp\/v2\/media\/19202"}],"wp:attachment":[{"href":"https:\/\/emisora.univalle.edu.co\/index.php\/wp-json\/wp\/v2\/media?parent=19200"}],"wp:term":[{"taxonomy":"category","embeddable":true,"href":"https:\/\/emisora.univalle.edu.co\/index.php\/wp-json\/wp\/v2\/categories?post=19200"},{"taxonomy":"post_tag","embeddable":true,"href":"https:\/\/emisora.univalle.edu.co\/index.php\/wp-json\/wp\/v2\/tags?post=19200"}],"curies":[{"name":"wp","href":"https:\/\/api.w.org\/{rel}","templated":true}]}}