{"id":19205,"date":"2017-11-14T11:07:42","date_gmt":"2017-11-14T16:07:42","guid":{"rendered":"https:\/\/emisora.univalle.edu.co\/?p=19205"},"modified":"2017-11-28T13:50:35","modified_gmt":"2017-11-28T18:50:35","slug":"congreso-diseno-en-sociedad-11","status":"publish","type":"post","link":"https:\/\/emisora.univalle.edu.co\/index.php\/congreso-diseno-en-sociedad-11\/","title":{"rendered":"Congreso Dise\u00f1o en Sociedad 11"},"content":{"rendered":"<p>El Departamento de Dise\u00f1o de la Universidad del Valle tiene el gusto de anunciar la und\u00e9cima versi\u00f3n de Dise\u00f1o en Sociedad, el evento acad\u00e9mico y profesional que promueve reflexiones fundamentales sobre el dise\u00f1o y sus m\u00faltiples incidencias sociales.<\/p>\n<p>Hemos tenido la fortuna de haber convocado a docentes, investigadores y profesionales especializados diversos, tales como Julio C\u00e9sar Margain, Phd en Inteligencia Artificial del MIT; Nathan Shedroff, pionero del Dise\u00f1o experiencial en Estados Unidos; Norberto Chaves, reconocido te\u00f3rico argentino; Claudio Arango Villamizar, experto en Branding; Andreu Balius creador del Estudio Typerware en Espa\u00f1a; R\u00f3mulo Polo, fundador de la Asociaci\u00f3n Latinoamericana de Dise\u00f1o Industrial; Claudio Guerri, semi\u00f3tico especializado de la UBA en Argentina; Marcos Da Costa Braga, historiador de la Universidad de Sao Paulo en Brasil, Jamal J. Elias de la Universidad de Yale, investigador de la cultura visual y material del Oriente medio y Juan Carlos Ortiz, investigador mexicano, s\u00f3lo para mencionar algunos. De igual manera hemos realizado talleres abiertos a la comunidad impartidos por algunos de los invitados y hemos mostrado una valiosa producci\u00f3n acad\u00e9mica que permite comprender el compromiso del dise\u00f1o con la comunidad por medio de proyectos de mediana y gran complejidad, evidenciando procesos de diagn\u00f3stico y construcci\u00f3n de enfoque social.<\/p>\n<p>El pr\u00f3ximo encuentro de Dise\u00f1o en sociedad versi\u00f3n 11, que se llevar\u00e1 a cabo del 15 al 17 de noviembre de 2017 en la ciudad de Cali \u2013 Colombia, tendr\u00e1 como tema de reflexi\u00f3n el dise\u00f1o en la desprofesionalizaci\u00f3n, un fen\u00f3meno emergente que invita a profundizar en las m\u00e1s vers\u00e1tiles formas de pr\u00e1ctica del dise\u00f1o contempor\u00e1neo, donde la mirada art\u00edstica y el proceder cientifista se entretejen como estrategias de pulsi\u00f3n, concepci\u00f3n y desarrollo de pr\u00e1cticas en un mercado cada vez m\u00e1s heterog\u00e9neo. Es evidente c\u00f3mo el producto supera la necesidad que haya justificado su creaci\u00f3n y trasciende su utilizaci\u00f3n. Sabemos, adem\u00e1s, que las pr\u00e1cticas profesionales contempor\u00e1neas rinden sus prop\u00f3sitos, principalmente, a los requerimientos de los modelos econ\u00f3micos y culturales consolidados desde la segunda mitad del siglo XX y, espec\u00edficamente, desde el decenio de los 90\u00b4s, se han erigido ciertas estructuras sobre el \u201cdeber ser\u201d que dialogan con lo que algunos especialistas denominan la inestabilidad, la liquidez e incluso hasta una nueva edad media. Una de tantas caracter\u00edsticas engendradas por los rompimientos que vive Occidente desde la mitad de los a\u00f1os setentas, disuelve las fronteras de lo que pod\u00eda considerarse establecido e imperecedero, de tal manera que las especificidades de los campos profesionales se desdibujan a la misma velocidad de las oportunidades laborales que promueven una rotunda desprofesionalizaci\u00f3n.<\/p>\n<p>Como es nuestra costumbre, esperamos promover el di\u00e1logo entre las diversas visiones que existen sobre la investigaci\u00f3n y la creaci\u00f3n en dise\u00f1o, con el \u00e1nimo de contribuir al fortalecimiento de la comunidad acad\u00e9mica en torno de la disciplina y sus m\u00faltiples v\u00ednculos con la sociedad. Bajo esta perspectiva, Dise\u00f1o en Sociedad 11 lo invita a reflexionar, de manera sentida y rigurosa, sobre la investigaci\u00f3n acad\u00e9mica en dise\u00f1o y las diversas pr\u00e1cticas del dise\u00f1o profesional y desprofesionalizado.<\/p>\n<p><strong>Conferencistas:<\/strong><\/p>\n<p><strong><a href=\"https:\/\/emisora.univalle.edu.co\/congreso-diseno-en-sociedad-11\/priscila-farias\/\" rel=\"attachment wp-att-19209\"><img loading=\"lazy\" decoding=\"async\" class=\"alignleft size-full wp-image-19209\" src=\"https:\/\/emisora.univalle.edu.co\/wp-content\/uploads\/2017\/11\/priscila-farias.jpg\" alt=\"\" width=\"280\" height=\"280\" srcset=\"https:\/\/emisora.univalle.edu.co\/wp-content\/uploads\/2017\/11\/priscila-farias.jpg 280w, https:\/\/emisora.univalle.edu.co\/wp-content\/uploads\/2017\/11\/priscila-farias-150x150.jpg 150w, https:\/\/emisora.univalle.edu.co\/wp-content\/uploads\/2017\/11\/priscila-farias-100x100.jpg 100w\" sizes=\"(max-width: 280px) 100vw, 280px\" \/><\/a>Priscila Farias<\/strong><\/p>\n<p><strong>Brasil<\/strong><\/p>\n<p>ise\u00f1adora gr\u00e1fica, investigadora y profesora de dise\u00f1o. Universidad de S\u00e3o Paulo, Brasil. Sus principales intereses, tanto como dise\u00f1adora y como investigadora, son la tipograf\u00eda, el type design, la comunicaci\u00f3n y la semi\u00f3tica.<\/p>\n<p>\u2013 CONFERENCIA \u2013<\/p>\n<p><strong>Dise\u00f1ar letras, cuando todos las dise\u00f1an<\/strong><\/p>\n<p>\u2013 WORKSHOP \u2013<\/p>\n<p><strong>Investigaciones acerca de tipograf\u00eda<\/strong><\/p>\n<p><strong><a href=\"https:\/\/emisora.univalle.edu.co\/congreso-diseno-en-sociedad-11\/cecilia-mazzeo\/\" rel=\"attachment wp-att-19206\"><img loading=\"lazy\" decoding=\"async\" class=\"size-full wp-image-19206 alignright\" src=\"https:\/\/emisora.univalle.edu.co\/wp-content\/uploads\/2017\/11\/cecilia-mazzeo.jpg\" alt=\"\" width=\"280\" height=\"280\" srcset=\"https:\/\/emisora.univalle.edu.co\/wp-content\/uploads\/2017\/11\/cecilia-mazzeo.jpg 280w, https:\/\/emisora.univalle.edu.co\/wp-content\/uploads\/2017\/11\/cecilia-mazzeo-150x150.jpg 150w, https:\/\/emisora.univalle.edu.co\/wp-content\/uploads\/2017\/11\/cecilia-mazzeo-100x100.jpg 100w\" sizes=\"(max-width: 280px) 100vw, 280px\" \/><\/a><\/strong><\/p>\n<p><strong>Cecilia Mazzeo<\/strong><\/p>\n<p><strong>Argentina<\/strong><\/p>\n<p>Dise\u00f1adora Gr\u00e1fica y Doctora por la Universidad de Buenos Aires \u00e1rea Dise\u00f1o. Docente titular de Dise\u00f1o Gr\u00e1fico 1, 2 y 3, y Morfolog\u00eda 1 y 2,\u00a0 asignaturas de la carrera de Dise\u00f1o Gr\u00e1fico de la Facultad de Arquitectura, Dise\u00f1o y Urbanismo.<\/p>\n<p>\u2013 CONFERENCIA \u2013<\/p>\n<p><strong>Dise\u00f1ar, ense\u00f1ar, investigar. Un entramado proyectual<\/strong><\/p>\n<p>\u2013 WORKSHOP \u2013<\/p>\n<p><strong>Dise\u00f1o de sistemas complejos<\/strong><\/p>\n<p>Fuente: <a href=\"http:\/\/disenoensociedad.com\/evento\/\">Mas informaci\u00f3n aqu\u00ed &#8211; Agencia de Noticias Univalle<\/a><\/p>\n","protected":false},"excerpt":{"rendered":"<p>El Departamento de Dise\u00f1o de la Universidad del Valle tiene el gusto de anunciar la und\u00e9cima versi\u00f3n de Dise\u00f1o en Sociedad, el evento acad\u00e9mico y profesional que promueve reflexiones fundamentales sobre el dise\u00f1o y sus m\u00faltiples incidencias sociales. Hemos tenido la fortuna de haber convocado a docentes, investigadores y profesionales[&#8230;]<\/p>\n","protected":false},"author":1,"featured_media":19207,"comment_status":"open","ping_status":"open","sticky":false,"template":"","format":"standard","meta":{"footnotes":""},"categories":[4],"tags":[],"_links":{"self":[{"href":"https:\/\/emisora.univalle.edu.co\/index.php\/wp-json\/wp\/v2\/posts\/19205"}],"collection":[{"href":"https:\/\/emisora.univalle.edu.co\/index.php\/wp-json\/wp\/v2\/posts"}],"about":[{"href":"https:\/\/emisora.univalle.edu.co\/index.php\/wp-json\/wp\/v2\/types\/post"}],"author":[{"embeddable":true,"href":"https:\/\/emisora.univalle.edu.co\/index.php\/wp-json\/wp\/v2\/users\/1"}],"replies":[{"embeddable":true,"href":"https:\/\/emisora.univalle.edu.co\/index.php\/wp-json\/wp\/v2\/comments?post=19205"}],"version-history":[{"count":6,"href":"https:\/\/emisora.univalle.edu.co\/index.php\/wp-json\/wp\/v2\/posts\/19205\/revisions"}],"predecessor-version":[{"id":19216,"href":"https:\/\/emisora.univalle.edu.co\/index.php\/wp-json\/wp\/v2\/posts\/19205\/revisions\/19216"}],"wp:featuredmedia":[{"embeddable":true,"href":"https:\/\/emisora.univalle.edu.co\/index.php\/wp-json\/wp\/v2\/media\/19207"}],"wp:attachment":[{"href":"https:\/\/emisora.univalle.edu.co\/index.php\/wp-json\/wp\/v2\/media?parent=19205"}],"wp:term":[{"taxonomy":"category","embeddable":true,"href":"https:\/\/emisora.univalle.edu.co\/index.php\/wp-json\/wp\/v2\/categories?post=19205"},{"taxonomy":"post_tag","embeddable":true,"href":"https:\/\/emisora.univalle.edu.co\/index.php\/wp-json\/wp\/v2\/tags?post=19205"}],"curies":[{"name":"wp","href":"https:\/\/api.w.org\/{rel}","templated":true}]}}