{"id":19222,"date":"2017-11-14T13:54:13","date_gmt":"2017-11-14T18:54:13","guid":{"rendered":"https:\/\/emisora.univalle.edu.co\/?p=19222"},"modified":"2017-11-15T15:02:45","modified_gmt":"2017-11-15T20:02:45","slug":"catedra-semana-el-poder-de-la-imagen-y-el-contrapoder-de-la-edicion-fotografica","status":"publish","type":"post","link":"https:\/\/emisora.univalle.edu.co\/index.php\/catedra-semana-el-poder-de-la-imagen-y-el-contrapoder-de-la-edicion-fotografica\/","title":{"rendered":"C\u00e1tedra Semana &#8216;El poder de la imagen y el contrapoder de la edici\u00f3n fotogr\u00e1fica&#8217;"},"content":{"rendered":"<p><a href=\"https:\/\/emisora.univalle.edu.co\/termino-congreso-de-expertos-en-algas\/catedra-semana\/\" rel=\"attachment wp-att-19218\"><img loading=\"lazy\" decoding=\"async\" class=\"alignleft size-full wp-image-19218\" src=\"https:\/\/emisora.univalle.edu.co\/wp-content\/uploads\/2017\/11\/catedra-semana.jpg\" alt=\"\" width=\"400\" height=\"400\" srcset=\"https:\/\/emisora.univalle.edu.co\/wp-content\/uploads\/2017\/11\/catedra-semana.jpg 400w, https:\/\/emisora.univalle.edu.co\/wp-content\/uploads\/2017\/11\/catedra-semana-150x150.jpg 150w, https:\/\/emisora.univalle.edu.co\/wp-content\/uploads\/2017\/11\/catedra-semana-300x300.jpg 300w, https:\/\/emisora.univalle.edu.co\/wp-content\/uploads\/2017\/11\/catedra-semana-100x100.jpg 100w\" sizes=\"(max-width: 400px) 100vw, 400px\" \/><\/a>La pr\u00f3xima charla de la C\u00e1tedra Semana, que organiza la Escuela de Comunicaci\u00f3n Social de la Universidad del Valle y el Grupo de Investigaci\u00f3n en Periodismo e Informaci\u00f3n: C\u00e1tedra Albert Londres, ser\u00e1 este mi\u00e9rcoles 15 de noviembre, a las 10:00 a.m, en la Sala de Proyecciones de la Escuela de Comunicaci\u00f3n Social, Edificio 383 de la Universidad del Valle.<\/p>\n<p>Para esta ocasi\u00f3n el invitado ser\u00e1 Hern\u00e1n Sansone, artista y dise\u00f1ador gr\u00e1fico argentino quien ha expuesto sus obras en Buenos Aires, La Pampa, La Rioja, C\u00f3rdoba, Mendoza, La Habana, Montreal y Bogot\u00e1. Se ha desempe\u00f1ado como director de arte de las revistas Gatopardo, Mundo, Plan B y Larrivista. Actualmente es director creativo de las revistas Semana y Arcadia.<\/p>\n<p>Su tema de exposici\u00f3n es &#8216;El poder de la imagen y el contrapoder de la edici\u00f3n fotogr\u00e1fica&#8217;, tema de reflexi\u00f3n central en medio del flujo de informaci\u00f3n al que estamos expuestos constantemente, la digitalizaci\u00f3n de los medios, la disputa entre lo digital y lo impreso, el avance vertiginoso de la tecnolog\u00eda y las mutaciones culturales que genera a su paso.<\/p>\n<p>\u00bfHasta qu\u00e9 punto es v\u00e1lido modificar y editar las im\u00e1genes que usamos?, \u00bfqu\u00e9 tan conscientes somos del cambio del discurso que suscita editar im\u00e1genes y fotograf\u00edas? \u00bfQu\u00e9 debemos saber para ver una im\u00e1gen? \u00bfReconocemos el poder que tiene la imagen? o \u00bfEncontramos un contrapoder en el fotomontaje?. Estas son algunas de las preguntas que se pondr\u00e1n en discusi\u00f3n en esta versi\u00f3n de la C\u00e1tedra Semana.<\/p>\n<p>Informes: 3212100 ext 2456. <a href=\"mailto:fai.comunicacionsocial@correounivalle.edu.co\">fai.comunicacionsocial@correounivalle.edu.co<\/a><\/p>\n<p>Fuente: <a href=\"http:\/\/www.univalle.edu.co\/arte-y-cultura\/catedra-imagen-fotografia\/#\">Agencia de Noticias Univalle<\/a><\/p>\n","protected":false},"excerpt":{"rendered":"<p>La pr\u00f3xima charla de la C\u00e1tedra Semana, que organiza la Escuela de Comunicaci\u00f3n Social de la Universidad del Valle y el Grupo de Investigaci\u00f3n en Periodismo e Informaci\u00f3n: C\u00e1tedra Albert Londres, ser\u00e1 este mi\u00e9rcoles 15 de noviembre, a las 10:00 a.m, en la Sala de Proyecciones de la Escuela de[&#8230;]<\/p>\n","protected":false},"author":1,"featured_media":19219,"comment_status":"open","ping_status":"open","sticky":false,"template":"","format":"standard","meta":{"footnotes":""},"categories":[4],"tags":[],"_links":{"self":[{"href":"https:\/\/emisora.univalle.edu.co\/index.php\/wp-json\/wp\/v2\/posts\/19222"}],"collection":[{"href":"https:\/\/emisora.univalle.edu.co\/index.php\/wp-json\/wp\/v2\/posts"}],"about":[{"href":"https:\/\/emisora.univalle.edu.co\/index.php\/wp-json\/wp\/v2\/types\/post"}],"author":[{"embeddable":true,"href":"https:\/\/emisora.univalle.edu.co\/index.php\/wp-json\/wp\/v2\/users\/1"}],"replies":[{"embeddable":true,"href":"https:\/\/emisora.univalle.edu.co\/index.php\/wp-json\/wp\/v2\/comments?post=19222"}],"version-history":[{"count":1,"href":"https:\/\/emisora.univalle.edu.co\/index.php\/wp-json\/wp\/v2\/posts\/19222\/revisions"}],"predecessor-version":[{"id":19223,"href":"https:\/\/emisora.univalle.edu.co\/index.php\/wp-json\/wp\/v2\/posts\/19222\/revisions\/19223"}],"wp:featuredmedia":[{"embeddable":true,"href":"https:\/\/emisora.univalle.edu.co\/index.php\/wp-json\/wp\/v2\/media\/19219"}],"wp:attachment":[{"href":"https:\/\/emisora.univalle.edu.co\/index.php\/wp-json\/wp\/v2\/media?parent=19222"}],"wp:term":[{"taxonomy":"category","embeddable":true,"href":"https:\/\/emisora.univalle.edu.co\/index.php\/wp-json\/wp\/v2\/categories?post=19222"},{"taxonomy":"post_tag","embeddable":true,"href":"https:\/\/emisora.univalle.edu.co\/index.php\/wp-json\/wp\/v2\/tags?post=19222"}],"curies":[{"name":"wp","href":"https:\/\/api.w.org\/{rel}","templated":true}]}}