{"id":19224,"date":"2017-11-14T14:05:27","date_gmt":"2017-11-14T19:05:27","guid":{"rendered":"https:\/\/emisora.univalle.edu.co\/?p=19224"},"modified":"2017-11-20T10:30:48","modified_gmt":"2017-11-20T15:30:48","slug":"dia-internacional-de-la-no-violencia-contra-la-mujer-libros-sobre-violencia-contra-la-mujer-en-la-biblioteca-mario-carvajal","status":"publish","type":"post","link":"https:\/\/emisora.univalle.edu.co\/index.php\/dia-internacional-de-la-no-violencia-contra-la-mujer-libros-sobre-violencia-contra-la-mujer-en-la-biblioteca-mario-carvajal\/","title":{"rendered":"D\u00eda Internacional de la No Violencia contra la Mujer."},"content":{"rendered":"<p>Libros sobre violencia contra la Mujer en la Biblioteca Mario Carvajal.<\/p>\n<p>Con el prop\u00f3sito de conmemorar y\u00a0visibilizar el D\u00eda Internacional de la Eliminaci\u00f3n de la Violencia contra la Mujer, el Centro de Investigaci\u00f3n G\u00e9nero, Mujer y Sociedad y la Biblioteca Mario Carvajal de la Universidad del Valle han organizado una exposici\u00f3n de libros sobre la tem\u00e1tica durante todo el mes de Noviembre.\u00a0Invitamos a visitar esta importante exposici\u00f3n que se encuentra ubicada en la Sala B de la Colecci\u00f3n General (piso 2) de la Biblioteca Mario Carvajal.<\/p>\n<p>El\u00a0D\u00eda Internacional de la Eliminaci\u00f3n de la Violencia contra la Mujer\u00a0o\u00a0D\u00eda Internacional de la No Violencia contra la Mujer\u00a0se celebra anualmente el\u00a025 de noviembre\u00a0para denunciar la violencia que se ejerce sobre las mujeres en todo el mundo y reclamar pol\u00edticas en todos los pa\u00edses para su erradicaci\u00f3n.<\/p>\n<p>La convocatoria fue iniciada por el movimiento feminista latinoamericano en\u00a01981\u00a0en conmemoraci\u00f3n a la fecha en la que fueron asesinadas las tres\u00a0hermanas Mirabal\u00a0(Patria,\u00a0Minerva\u00a0y\u00a0Mar\u00eda Teresa) por orden del dictador Rafael Trujillo en\u00a0Rep\u00fablica Dominicana. En 1999 la jornada de reivindicaci\u00f3n fue asumida por la\u00a0Asamblea General de las Naciones Unidas\u00a0en su resoluci\u00f3n 54\/134 el\u00a017 de diciembre\u00a0de\u00a01999\u00a0invitando a\u00a0gobiernos,\u00a0organizaciones internacionales\u00a0y\u00a0organizaciones no gubernamentales\u00a0a convocar actividades dirigidas a sensibilizar a la opini\u00f3n p\u00fablica sobre el problema de la violencia contra la mujer.<\/p>\n<p>&nbsp;<\/p>\n<p>Imagen: Universidad de la Habana<\/p>\n<p>Fuente: Oficina de Comunicaciones Facultad de Humanidades<\/p>\n","protected":false},"excerpt":{"rendered":"<p>Libros sobre violencia contra la Mujer en la Biblioteca Mario Carvajal. Con el prop\u00f3sito de conmemorar y\u00a0visibilizar el D\u00eda Internacional de la Eliminaci\u00f3n de la Violencia contra la Mujer, el Centro de Investigaci\u00f3n G\u00e9nero, Mujer y Sociedad y la Biblioteca Mario Carvajal de la Universidad del Valle han organizado una[&#8230;]<\/p>\n","protected":false},"author":1,"featured_media":19225,"comment_status":"open","ping_status":"open","sticky":false,"template":"","format":"standard","meta":{"footnotes":""},"categories":[4],"tags":[],"_links":{"self":[{"href":"https:\/\/emisora.univalle.edu.co\/index.php\/wp-json\/wp\/v2\/posts\/19224"}],"collection":[{"href":"https:\/\/emisora.univalle.edu.co\/index.php\/wp-json\/wp\/v2\/posts"}],"about":[{"href":"https:\/\/emisora.univalle.edu.co\/index.php\/wp-json\/wp\/v2\/types\/post"}],"author":[{"embeddable":true,"href":"https:\/\/emisora.univalle.edu.co\/index.php\/wp-json\/wp\/v2\/users\/1"}],"replies":[{"embeddable":true,"href":"https:\/\/emisora.univalle.edu.co\/index.php\/wp-json\/wp\/v2\/comments?post=19224"}],"version-history":[{"count":3,"href":"https:\/\/emisora.univalle.edu.co\/index.php\/wp-json\/wp\/v2\/posts\/19224\/revisions"}],"predecessor-version":[{"id":19228,"href":"https:\/\/emisora.univalle.edu.co\/index.php\/wp-json\/wp\/v2\/posts\/19224\/revisions\/19228"}],"wp:featuredmedia":[{"embeddable":true,"href":"https:\/\/emisora.univalle.edu.co\/index.php\/wp-json\/wp\/v2\/media\/19225"}],"wp:attachment":[{"href":"https:\/\/emisora.univalle.edu.co\/index.php\/wp-json\/wp\/v2\/media?parent=19224"}],"wp:term":[{"taxonomy":"category","embeddable":true,"href":"https:\/\/emisora.univalle.edu.co\/index.php\/wp-json\/wp\/v2\/categories?post=19224"},{"taxonomy":"post_tag","embeddable":true,"href":"https:\/\/emisora.univalle.edu.co\/index.php\/wp-json\/wp\/v2\/tags?post=19224"}],"curies":[{"name":"wp","href":"https:\/\/api.w.org\/{rel}","templated":true}]}}