{"id":19230,"date":"2017-11-14T17:40:30","date_gmt":"2017-11-14T22:40:30","guid":{"rendered":"https:\/\/emisora.univalle.edu.co\/?p=19230"},"modified":"2017-11-20T10:33:52","modified_gmt":"2017-11-20T15:33:52","slug":"matematicos-enfrentados-por-todo-el-pais","status":"publish","type":"post","link":"https:\/\/emisora.univalle.edu.co\/index.php\/matematicos-enfrentados-por-todo-el-pais\/","title":{"rendered":"Matem\u00e1ticos enfrentados por todo el pa\u00eds"},"content":{"rendered":"<p><strong><a href=\"https:\/\/emisora.univalle.edu.co\/matematicos-enfrentados-por-todo-el-pais\/olimpiadas-2\/\" rel=\"attachment wp-att-19236\"><img loading=\"lazy\" decoding=\"async\" class=\"alignleft  wp-image-19236\" src=\"https:\/\/emisora.univalle.edu.co\/wp-content\/uploads\/2017\/11\/olimpiadas.jpg\" alt=\"\" width=\"434\" height=\"433\" srcset=\"https:\/\/emisora.univalle.edu.co\/wp-content\/uploads\/2017\/11\/olimpiadas.jpg 400w, https:\/\/emisora.univalle.edu.co\/wp-content\/uploads\/2017\/11\/olimpiadas-150x150.jpg 150w, https:\/\/emisora.univalle.edu.co\/wp-content\/uploads\/2017\/11\/olimpiadas-300x300.jpg 300w, https:\/\/emisora.univalle.edu.co\/wp-content\/uploads\/2017\/11\/olimpiadas-100x100.jpg 100w\" sizes=\"(max-width: 434px) 100vw, 434px\" \/><\/a>8511 estudiantes participan en las 11\u00b0 Olimpiadas Regionales de Matem\u00e1ticas \u2013 ORM- organizadas por la Universidad del Valle.<\/strong><\/p>\n<p>Se trata de una \u201ccompetencia\u201d con 11 a\u00f1os de tradici\u00f3n en la Universidad del Valle, donde estudiantes de bachillerato de todo el pa\u00eds se enfrentan cara a cara con las matem\u00e1ticas durante un a\u00f1o de preparaci\u00f3n y fases finales, para ser uno de los 36 mejores en su categor\u00eda: B\u00e1sica, Media y Avanzada.<\/p>\n<p>Este a\u00f1o participaron 8511 estudiantes de instituciones educativas p\u00fablicas y privadas de los departamentos de Bol\u00edvar, Caquet\u00e1, Cauca, C\u00f3rdoba, Huila, Quind\u00edo, Santander y Valle del Cauca.<\/p>\n<p>Los finalistas, que superaron las tres fases de selecci\u00f3n realizadas a lo largo del a\u00f1o abordando problemas no t\u00edpicos que involucran el pensamiento matem\u00e1tico, se \u201cenfrentar\u00e1n\u201d en la fase final que se realizar\u00e1 este s\u00e1bado 11 de noviembre a partir de las 3:30 de la tarde en las instalaciones de la Universidad del Valle.<\/p>\n<p>La clausura y premiaci\u00f3n del evento se realiz\u00f3 el domingo 12 de noviembre a partir de las 2:00 p.m. en el Auditorio 5 del alma mater de los vallecaucanos.<\/p>\n<p><strong>Para destacar:<\/strong><\/p>\n<p>Este a\u00f1o, por primera vez, se realizaron de manera paralela las I Olimpiadas Zonales de Matem\u00e1ticas, que facilitaron la participaci\u00f3n de otro grupo importante de estudiantes, \u201cdividiendo\u201d la geograf\u00eda colombiana en 8 zonas: Norte, Sur, Suroriente, Suroccidente, Centro, Cauca, Popay\u00e1n y Cali. Los dos \u00faltimos por la gran cantidad de estudiantes inscritos. Las I Olimpiadas Zonales tuvieron 6 ganadores por zona (2 en cada catergor\u00eda: B\u00e1sica, Media y Avanzada), para un total de 48 estudiantes premiados.<\/p>\n<p>La clausura y premiaci\u00f3n de las I Olimpiadas Zonales se realiz\u00f3 el s\u00e1bado 11 de noviembre a partir de las 11:30 a.m. en el Auditorio 5, en el Campus de Mel\u00e9ndez.<\/p>\n<p>Este proyecto de proyecci\u00f3n social que la Universidad del Valle ejecuta, a trav\u00e9s del Departamento de Matem\u00e1ticas, se realiza desde el 2007 y tiene como objetivo fundamental mejorar la calidad de la educaci\u00f3n en la regi\u00f3n en ese campo espec\u00edfico del conocimiento, gracias a que se estimula el estudio y se promueven espacios l\u00fadicos de sana competencia e intercambio de experiencias acad\u00e9micas.<\/p>\n<p>De manera paralela a la fase final de las ORM se realizar\u00e1 el evento Hablemos de Matem\u00e1ticas, ofrecido a los docentes enlace de los colegios participantes, y que cont\u00f3 con la participaci\u00f3n de expertos nacionales e internacionales en matem\u00e1ticas.<\/p>\n<p>Fuente: <a href=\"http:\/\/www.univalle.edu.co\/lo-que-pasa-en-la-u\/matematicos-pais\/#\">Agencia de Noticias Univalle<\/a><\/p>\n","protected":false},"excerpt":{"rendered":"<p>8511 estudiantes participan en las 11\u00b0 Olimpiadas Regionales de Matem\u00e1ticas \u2013 ORM- organizadas por la Universidad del Valle. Se trata de una \u201ccompetencia\u201d con 11 a\u00f1os de tradici\u00f3n en la Universidad del Valle, donde estudiantes de bachillerato de todo el pa\u00eds se enfrentan cara a cara con las matem\u00e1ticas durante[&#8230;]<\/p>\n","protected":false},"author":1,"featured_media":19237,"comment_status":"open","ping_status":"open","sticky":false,"template":"","format":"standard","meta":{"footnotes":""},"categories":[4],"tags":[],"_links":{"self":[{"href":"https:\/\/emisora.univalle.edu.co\/index.php\/wp-json\/wp\/v2\/posts\/19230"}],"collection":[{"href":"https:\/\/emisora.univalle.edu.co\/index.php\/wp-json\/wp\/v2\/posts"}],"about":[{"href":"https:\/\/emisora.univalle.edu.co\/index.php\/wp-json\/wp\/v2\/types\/post"}],"author":[{"embeddable":true,"href":"https:\/\/emisora.univalle.edu.co\/index.php\/wp-json\/wp\/v2\/users\/1"}],"replies":[{"embeddable":true,"href":"https:\/\/emisora.univalle.edu.co\/index.php\/wp-json\/wp\/v2\/comments?post=19230"}],"version-history":[{"count":2,"href":"https:\/\/emisora.univalle.edu.co\/index.php\/wp-json\/wp\/v2\/posts\/19230\/revisions"}],"predecessor-version":[{"id":19239,"href":"https:\/\/emisora.univalle.edu.co\/index.php\/wp-json\/wp\/v2\/posts\/19230\/revisions\/19239"}],"wp:featuredmedia":[{"embeddable":true,"href":"https:\/\/emisora.univalle.edu.co\/index.php\/wp-json\/wp\/v2\/media\/19237"}],"wp:attachment":[{"href":"https:\/\/emisora.univalle.edu.co\/index.php\/wp-json\/wp\/v2\/media?parent=19230"}],"wp:term":[{"taxonomy":"category","embeddable":true,"href":"https:\/\/emisora.univalle.edu.co\/index.php\/wp-json\/wp\/v2\/categories?post=19230"},{"taxonomy":"post_tag","embeddable":true,"href":"https:\/\/emisora.univalle.edu.co\/index.php\/wp-json\/wp\/v2\/tags?post=19230"}],"curies":[{"name":"wp","href":"https:\/\/api.w.org\/{rel}","templated":true}]}}