{"id":19251,"date":"2017-11-15T10:54:18","date_gmt":"2017-11-15T15:54:18","guid":{"rendered":"https:\/\/emisora.univalle.edu.co\/?p=19251"},"modified":"2017-11-15T10:54:18","modified_gmt":"2017-11-15T15:54:18","slug":"julian-malatesta-en-viernes-de-letras","status":"publish","type":"post","link":"https:\/\/emisora.univalle.edu.co\/index.php\/julian-malatesta-en-viernes-de-letras\/","title":{"rendered":"Juli\u00e1n Malatesta en Viernes de Letras"},"content":{"rendered":"<p>El docente y poeta Juli\u00e1n Malatesta es el invitado a la siguiente sesi\u00f3n de Viernes de Letras, que se realizar\u00e1 este 17 de noviembre de 2017, a las 6:00 p.m., en el Auditorio \u00c1ngel Zapata, Biblioteca Mario Carvajal, Universidad del Valle, Campus de Mel\u00e9ndez.<\/p>\n<p>En el conversatorio con el autor ser\u00e1 guiado por la profesora y poeta Cristina Eugenia Valcke. En esta ocasi\u00f3n, el invitado ser\u00e1 presentado por el estudiante de Licenciatura en Literatura John Narv\u00e1ez.<\/p>\n<p>Viernes de Letras es un programa permanente de la Escuela de Estudios Literarios, con el apoyo financiero del \u00c1rea Cultural de la Divisi\u00f3n de Bibliotecas.<\/p>\n<p><strong>Sobre el autor<\/strong><\/p>\n<p>Juli\u00e1n Malatesta es poeta, investigador, escritor y profesor. Mag\u00edster en Comunicaci\u00f3n y Dise\u00f1o Cultural por la Universidad del Valle. Ha publicado una extensa obra po\u00e9tica, entre la cual se destacan los libros \u00abHojas de tr\u00e9bol\u00bb (1985), \u00abAlguien habita la memoria\u00bb (1995) y \u00abCenizas en el cielo\u00bb (2004). Entre sus trabajos de investigaci\u00f3n se encuentran \u00abEn la historia del Gran Cauca\u00bb (1995), \u00abPresencia de la poes\u00eda china y japonesa en algunos poetas latinoamericanos\u00bb (1997), \u00abPo\u00e9ticas del desastre, aproximaci\u00f3n cr\u00edtica a la poes\u00eda del Valle del Cauca en el siglo XX\u00bb (2000) y \u00abLa imagen po\u00e9tica: la asonada americana\u00bb (2007).<\/p>\n<p>Ha realizado trabajos como actor y director de teatro en diversos lugares del pa\u00eds. Adem\u00e1s, es un activo promotor cultural. Actualmente labora como profesor de la Escuela de Estudios Literarios de la Universidad del Valle.<\/p>\n<p>Fuente: <a href=\"http:\/\/www.univalle.edu.co\/arte-y-cultura\/malatesta-viernes-letras\/#\">Agencia de Noticias Univalle<\/a><\/p>\n","protected":false},"excerpt":{"rendered":"<p>El docente y poeta Juli\u00e1n Malatesta es el invitado a la siguiente sesi\u00f3n de Viernes de Letras, que se realizar\u00e1 este 17 de noviembre de 2017, a las 6:00 p.m., en el Auditorio \u00c1ngel Zapata, Biblioteca Mario Carvajal, Universidad del Valle, Campus de Mel\u00e9ndez. En el conversatorio con el autor[&#8230;]<\/p>\n","protected":false},"author":1,"featured_media":19235,"comment_status":"open","ping_status":"open","sticky":false,"template":"","format":"standard","meta":{"footnotes":""},"categories":[4],"tags":[],"_links":{"self":[{"href":"https:\/\/emisora.univalle.edu.co\/index.php\/wp-json\/wp\/v2\/posts\/19251"}],"collection":[{"href":"https:\/\/emisora.univalle.edu.co\/index.php\/wp-json\/wp\/v2\/posts"}],"about":[{"href":"https:\/\/emisora.univalle.edu.co\/index.php\/wp-json\/wp\/v2\/types\/post"}],"author":[{"embeddable":true,"href":"https:\/\/emisora.univalle.edu.co\/index.php\/wp-json\/wp\/v2\/users\/1"}],"replies":[{"embeddable":true,"href":"https:\/\/emisora.univalle.edu.co\/index.php\/wp-json\/wp\/v2\/comments?post=19251"}],"version-history":[{"count":1,"href":"https:\/\/emisora.univalle.edu.co\/index.php\/wp-json\/wp\/v2\/posts\/19251\/revisions"}],"predecessor-version":[{"id":19252,"href":"https:\/\/emisora.univalle.edu.co\/index.php\/wp-json\/wp\/v2\/posts\/19251\/revisions\/19252"}],"wp:featuredmedia":[{"embeddable":true,"href":"https:\/\/emisora.univalle.edu.co\/index.php\/wp-json\/wp\/v2\/media\/19235"}],"wp:attachment":[{"href":"https:\/\/emisora.univalle.edu.co\/index.php\/wp-json\/wp\/v2\/media?parent=19251"}],"wp:term":[{"taxonomy":"category","embeddable":true,"href":"https:\/\/emisora.univalle.edu.co\/index.php\/wp-json\/wp\/v2\/categories?post=19251"},{"taxonomy":"post_tag","embeddable":true,"href":"https:\/\/emisora.univalle.edu.co\/index.php\/wp-json\/wp\/v2\/tags?post=19251"}],"curies":[{"name":"wp","href":"https:\/\/api.w.org\/{rel}","templated":true}]}}