{"id":19284,"date":"2017-11-16T14:04:46","date_gmt":"2017-11-16T19:04:46","guid":{"rendered":"https:\/\/emisora.univalle.edu.co\/?p=19284"},"modified":"2017-12-06T09:31:45","modified_gmt":"2017-12-06T14:31:45","slug":"convocatoria-abierta-para-docentes-oficiales-de-santiago-de-cali","status":"publish","type":"post","link":"https:\/\/emisora.univalle.edu.co\/index.php\/convocatoria-abierta-para-docentes-oficiales-de-santiago-de-cali\/","title":{"rendered":"Convocatoria abierta para docentes oficiales de Santiago de Cali\u00a0"},"content":{"rendered":"<p>La Secretar\u00eda de Educaci\u00f3n Municipal y la Universidad del Valle invitan a docentes oficiales de b\u00e1sica secundaria y media de Santiago de Cali a participar de la convocatoria a DOCENTES TUTORES, que estar\u00e1 abierta hasta el 21 de noviembre de 2017.<\/p>\n<p>Los docentes tutores se encargar\u00e1n de realizar acompa\u00f1amiento formativo en procesos pedag\u00f3gicos, did\u00e1cticos y curriculares en Instituciones Educativas Oficiales del municipio de Santiago de Cali, en el marco de la iniciativa \u201cMi Comunidad es Escuela\u201d y el proyecto Mejoramiento de la gesti\u00f3n curricular.<\/p>\n<p>Invitamos a docentes que valoren su papel como profesionales de la educaci\u00f3n; conocedores de las pol\u00edticas p\u00fablicas del sector educativo; comprometidos con procesos de acompa\u00f1amiento y trabajo colaborativo; l\u00edderes pedag\u00f3gicos con alto nivel de organizaci\u00f3n y responsabilidad; con manejo de herramientas inform\u00e1ticas e internet para comunicarse y colaborar virtualmente.<\/p>\n<p>Como requisitos obligatorios se deber\u00e1 acreditar ser docente oficial, adscrito a la Secretar\u00eda de Educaci\u00f3n Municipal, con nombramiento en propiedad y experiencia m\u00ednima de cuatro (4) a\u00f1os en los niveles de b\u00e1sica secundaria o media, es decir, en los grados de 6\u00b0 a 11\u00b0, en las \u00e1reas de lenguaje, matem\u00e1ticas, ciencias naturales, ciencias sociales, educaci\u00f3n art\u00edstica y educaci\u00f3n f\u00edsica. La experiencia puede ser acreditada tanto en el sector oficial como en el privado. El equipo seleccionado dispondr\u00e1 de Comisi\u00f3n de servicio para el desarrollo de sus funciones en la ruta de formaci\u00f3n y acompa\u00f1amiento formativo.<\/p>\n<p>Los interesados en el proceso, est\u00e1n invitados a realizar su inscripci\u00f3n en la plataforma <a href=\"http:\/\/mcee2.univalle.edu.co\/\">mcee.univalle.edu.co<\/a><\/p>\n<p><a href=\"https:\/\/emisora.univalle.edu.co\/cielos-el-alarido-que-cierra-la-puerta-de-la-sangre-de-las-promesas\/lenguaje\/\" rel=\"attachment wp-att-19281\"><img loading=\"lazy\" decoding=\"async\" class=\"size-full wp-image-19281 aligncenter\" src=\"https:\/\/emisora.univalle.edu.co\/wp-content\/uploads\/2017\/11\/lenguaje.png\" alt=\"\" width=\"568\" height=\"650\" srcset=\"https:\/\/emisora.univalle.edu.co\/wp-content\/uploads\/2017\/11\/lenguaje.png 568w, https:\/\/emisora.univalle.edu.co\/wp-content\/uploads\/2017\/11\/lenguaje-262x300.png 262w, https:\/\/emisora.univalle.edu.co\/wp-content\/uploads\/2017\/11\/lenguaje-560x641.png 560w\" sizes=\"(max-width: 568px) 100vw, 568px\" \/><\/a><\/p>\n<p>Fuente: comunicaci\u00f3n y prod. de contenidos Universidad del Valle en Mi Comunidad es Escuela<\/p>\n","protected":false},"excerpt":{"rendered":"<p>La Secretar\u00eda de Educaci\u00f3n Municipal y la Universidad del Valle invitan a docentes oficiales de b\u00e1sica secundaria y media de Santiago de Cali a participar de la convocatoria a DOCENTES TUTORES, que estar\u00e1 abierta hasta el 21 de noviembre de 2017. Los docentes tutores se encargar\u00e1n de realizar acompa\u00f1amiento formativo[&#8230;]<\/p>\n","protected":false},"author":1,"featured_media":19280,"comment_status":"open","ping_status":"open","sticky":false,"template":"","format":"standard","meta":{"footnotes":""},"categories":[4],"tags":[],"_links":{"self":[{"href":"https:\/\/emisora.univalle.edu.co\/index.php\/wp-json\/wp\/v2\/posts\/19284"}],"collection":[{"href":"https:\/\/emisora.univalle.edu.co\/index.php\/wp-json\/wp\/v2\/posts"}],"about":[{"href":"https:\/\/emisora.univalle.edu.co\/index.php\/wp-json\/wp\/v2\/types\/post"}],"author":[{"embeddable":true,"href":"https:\/\/emisora.univalle.edu.co\/index.php\/wp-json\/wp\/v2\/users\/1"}],"replies":[{"embeddable":true,"href":"https:\/\/emisora.univalle.edu.co\/index.php\/wp-json\/wp\/v2\/comments?post=19284"}],"version-history":[{"count":1,"href":"https:\/\/emisora.univalle.edu.co\/index.php\/wp-json\/wp\/v2\/posts\/19284\/revisions"}],"predecessor-version":[{"id":19286,"href":"https:\/\/emisora.univalle.edu.co\/index.php\/wp-json\/wp\/v2\/posts\/19284\/revisions\/19286"}],"wp:featuredmedia":[{"embeddable":true,"href":"https:\/\/emisora.univalle.edu.co\/index.php\/wp-json\/wp\/v2\/media\/19280"}],"wp:attachment":[{"href":"https:\/\/emisora.univalle.edu.co\/index.php\/wp-json\/wp\/v2\/media?parent=19284"}],"wp:term":[{"taxonomy":"category","embeddable":true,"href":"https:\/\/emisora.univalle.edu.co\/index.php\/wp-json\/wp\/v2\/categories?post=19284"},{"taxonomy":"post_tag","embeddable":true,"href":"https:\/\/emisora.univalle.edu.co\/index.php\/wp-json\/wp\/v2\/tags?post=19284"}],"curies":[{"name":"wp","href":"https:\/\/api.w.org\/{rel}","templated":true}]}}