{"id":19293,"date":"2017-11-17T08:58:10","date_gmt":"2017-11-17T13:58:10","guid":{"rendered":"https:\/\/emisora.univalle.edu.co\/?p=19293"},"modified":"2017-11-20T10:32:18","modified_gmt":"2017-11-20T15:32:18","slug":"estadero-profesoral-abre-sus-puertas","status":"publish","type":"post","link":"https:\/\/emisora.univalle.edu.co\/index.php\/estadero-profesoral-abre-sus-puertas\/","title":{"rendered":"Estadero profesoral abre sus puertas"},"content":{"rendered":"<p><a href=\"https:\/\/emisora.univalle.edu.co\/estadero-profesoral-abre-sus-puertas\/apertura-estadero1\/\" rel=\"attachment wp-att-19294\"><img loading=\"lazy\" decoding=\"async\" class=\" wp-image-19294 alignright\" src=\"https:\/\/emisora.univalle.edu.co\/wp-content\/uploads\/2017\/11\/apertura-estadero1.jpg\" alt=\"\" width=\"366\" height=\"548\" srcset=\"https:\/\/emisora.univalle.edu.co\/wp-content\/uploads\/2017\/11\/apertura-estadero1.jpg 401w, https:\/\/emisora.univalle.edu.co\/wp-content\/uploads\/2017\/11\/apertura-estadero1-201x300.jpg 201w\" sizes=\"(max-width: 366px) 100vw, 366px\" \/><\/a>Con la presencia de gran parte de los integrantes del Consejo Acad\u00e9mico la Universidad del Valle reinaugur\u00f3 un espacio para mejorar la interrelaci\u00f3n y la convivencia. Se trata del Estadero Profesoral, ubicado en el sexto piso de la Torre de Ingenier\u00eda del Campus de Mel\u00e9ndez.<\/p>\n<p>El acto de reapertura del Estadero Profesoral, se realiz\u00f3 este mi\u00e9rcoles 15 de noviembre de 2017, a las 5:00 p.m. y fue presidido por el rector Edgar Varela Barrios, el vicerrector de Bienestar Universitario Edgar Quiroga Rubiano y el director de Infraestructura Armando Orobio.<\/p>\n<p>\u201cEste ser\u00e1 un espacio donde la comunidad universitaria podr\u00e1 compartir y pasar un momento agradable. La ventaja es que el concesionario es un estudiante de Dise\u00f1o Industrial de la Facultad de Artes Integradas, que ha hecho un emprendimiento y ha vinculado a otros estudiantes para que trabajen aqu\u00ed\u201d, indic\u00f3 el rector Varela Barrios, durante la inauguraci\u00f3n.<\/p>\n<p>En su intervenci\u00f3n, el rector record\u00f3 que en el pasado, los profesores pod\u00edan acercarse a ese espacio, pod\u00edan descansar, leer la prensa o revistas, atender visitas o realizar reuniones, talleres y seminarios. Una de las propuestas del rector Varela fue recuperar este espacio para la comunidad universitaria, a trav\u00e9s del Plan Program\u00e1tico de Bienestar Profesoral.<\/p>\n<p>El concesionario del Estadero es Mauricio Marulanda, estudiante de d\u00e9cimo semestre de Dise\u00f1o Industrial, quien desarroll\u00f3 esta propuesta como parte de su trabajo de grado.<\/p>\n<p>\u201cEstoy feliz porque mi sue\u00f1o se hizo realidad gracias a las directivas que apoyaron esta propuesta de emprendimiento cultural. El Estadero Profesoral, aparte de ser mi trabajo de grado con el que aspiro tener mi t\u00edtulo de dise\u00f1ador industrial, es un espacio que integra la alimentaci\u00f3n saludable, el bienestar universitario y el dise\u00f1o de experiencias para dar a la comunidad universitaria un lugar para la sana convivencia\u201d, dijo Mauricio.<\/p>\n<p>Las directivas universitarias han previsto que se hagan otras cuatro cafeter\u00edas, para que los estudiantes se asocien a trav\u00e9s de un modelo de administraci\u00f3n similar al del Estadero, se haga concesi\u00f3n del espacio y sean ellos mismos quienes los administren.<\/p>\n<p>Fuente: <a href=\"http:\/\/www.univalle.edu.co\/lo-que-pasa-en-la-u\/estadero-profesoral-abre-sus-puertas\/#\">Agencia de Noticias Univalle<\/a><\/p>\n","protected":false},"excerpt":{"rendered":"<p>Con la presencia de gran parte de los integrantes del Consejo Acad\u00e9mico la Universidad del Valle reinaugur\u00f3 un espacio para mejorar la interrelaci\u00f3n y la convivencia. Se trata del Estadero Profesoral, ubicado en el sexto piso de la Torre de Ingenier\u00eda del Campus de Mel\u00e9ndez. El acto de reapertura del[&#8230;]<\/p>\n","protected":false},"author":1,"featured_media":19295,"comment_status":"open","ping_status":"open","sticky":false,"template":"","format":"standard","meta":{"footnotes":""},"categories":[4],"tags":[],"_links":{"self":[{"href":"https:\/\/emisora.univalle.edu.co\/index.php\/wp-json\/wp\/v2\/posts\/19293"}],"collection":[{"href":"https:\/\/emisora.univalle.edu.co\/index.php\/wp-json\/wp\/v2\/posts"}],"about":[{"href":"https:\/\/emisora.univalle.edu.co\/index.php\/wp-json\/wp\/v2\/types\/post"}],"author":[{"embeddable":true,"href":"https:\/\/emisora.univalle.edu.co\/index.php\/wp-json\/wp\/v2\/users\/1"}],"replies":[{"embeddable":true,"href":"https:\/\/emisora.univalle.edu.co\/index.php\/wp-json\/wp\/v2\/comments?post=19293"}],"version-history":[{"count":5,"href":"https:\/\/emisora.univalle.edu.co\/index.php\/wp-json\/wp\/v2\/posts\/19293\/revisions"}],"predecessor-version":[{"id":19302,"href":"https:\/\/emisora.univalle.edu.co\/index.php\/wp-json\/wp\/v2\/posts\/19293\/revisions\/19302"}],"wp:featuredmedia":[{"embeddable":true,"href":"https:\/\/emisora.univalle.edu.co\/index.php\/wp-json\/wp\/v2\/media\/19295"}],"wp:attachment":[{"href":"https:\/\/emisora.univalle.edu.co\/index.php\/wp-json\/wp\/v2\/media?parent=19293"}],"wp:term":[{"taxonomy":"category","embeddable":true,"href":"https:\/\/emisora.univalle.edu.co\/index.php\/wp-json\/wp\/v2\/categories?post=19293"},{"taxonomy":"post_tag","embeddable":true,"href":"https:\/\/emisora.univalle.edu.co\/index.php\/wp-json\/wp\/v2\/tags?post=19293"}],"curies":[{"name":"wp","href":"https:\/\/api.w.org\/{rel}","templated":true}]}}