{"id":19312,"date":"2017-11-17T17:07:55","date_gmt":"2017-11-17T22:07:55","guid":{"rendered":"https:\/\/emisora.univalle.edu.co\/?p=19312"},"modified":"2017-11-20T10:29:44","modified_gmt":"2017-11-20T15:29:44","slug":"docencia-luminosa","status":"publish","type":"post","link":"https:\/\/emisora.univalle.edu.co\/index.php\/docencia-luminosa\/","title":{"rendered":"\u201cDocencia luminosa\u201d"},"content":{"rendered":"<p><a href=\"https:\/\/emisora.univalle.edu.co\/docencia-luminosa\/docencia-luminosa\/\" rel=\"attachment wp-att-19314\"><img loading=\"lazy\" decoding=\"async\" class=\"alignleft  wp-image-19314\" src=\"https:\/\/emisora.univalle.edu.co\/wp-content\/uploads\/2017\/11\/docencia-luminosa.jpg\" alt=\"\" width=\"375\" height=\"563\" srcset=\"https:\/\/emisora.univalle.edu.co\/wp-content\/uploads\/2017\/11\/docencia-luminosa.jpg 400w, https:\/\/emisora.univalle.edu.co\/wp-content\/uploads\/2017\/11\/docencia-luminosa-200x300.jpg 200w\" sizes=\"(max-width: 375px) 100vw, 375px\" \/><\/a>La conferencia \u201cDocencia luminosa, la visibilidad creativa en procesos complejos de aprendizaje\u201d, prevista para el lunes 27 de noviembre, en el auditorio No. 5, de la Facultad de Ingenier\u00eda, de 10:00 a.m. a 12:00 m, hace parte del Proyecto de Dise\u00f1o e implementaci\u00f3n de la Pol\u00edtica Cultural de la Universidad del Valle.<\/p>\n<p>El conferencista, Jos\u00e9 Lu\u00eds Vicario es docente de la Universidad de Granada \u2013Espa\u00f1a y una de las figuras m\u00e1s relevantes en la investigaci\u00f3n de la dimensi\u00f3n cultural de las sociedades.<\/p>\n<p>La conferencia se enfoca en la reflexi\u00f3n sobre la docencia y a la investigaci\u00f3n de alternativas para afrontar retos de futuro.<\/p>\n<p>Jos\u00e9 Lu\u00eds Vicario es Doctor (Ph.D.) en Bellas Artes en el Departamento de Pintura de la Universidad del Pa\u00eds Vasco. Estudi\u00f3 escultura en Kunsthochschule de Berl\u00edn y Kusnt Akademie de Dusseldorf. Con la beca de la Fundaci\u00f3n Bot\u00edn realiz\u00f3 su formaci\u00f3n posdoctoral en Dise\u00f1o Industrial en Parsons, Nueva York. Despu\u00e9s, investiga en un proyecto de arquitectura y colonialismo en la Academia de Espa\u00f1a en Roma y, posteriormente, reside en la Cit\u00e9 des Arts de Par\u00eds, donde ampl\u00eda su conocimiento culinario con una beca del Gobierno Franc\u00e9s.<\/p>\n<p>Desde 2009 pertenece al Comit\u00e9 Consultivo del Instituto de Investiga\u00e7\u00e3o em Arte, Design e Sociedade, de la Universida de Porto. Colabora con el Centro Bot\u00edn en los campos de creatividad, inteligencia emocional y artes pl\u00e1sticas.<\/p>\n<p>Su trabajo art\u00edstico ha recibido premios, como la menci\u00f3n de honor de Pilar Juncosa y Sotheby\u00b4s, el primer premio de escultura en el concurso Generaciones, La beca de la Academia de Roma o la beca de la Fundaci\u00f3n Bot\u00edn. Recientemente finaliz\u00f3 un proyecto de tres a\u00f1os realizado en el Museo Metropolitano de Arte de Nueva York. Estudia la capacidad de la creatividad y la met\u00e1fora del objeto para generar conocimiento espec\u00edfico desde la informaci\u00f3n sensible. Su trabajo se expone en distintas galer\u00edas, centros y ferias de arte contempor\u00e1neo de Europa y Am\u00e9rica.<\/p>\n<p>Con el \u00e1nimo de generar di\u00e1logo y construcci\u00f3n alrededor de la formulaci\u00f3n de la pol\u00edtica cultural para la Universidad del Valle se invita a la comunidad universitaria, en general, a asistir a esta conferencia.<\/p>\n<p>Informes:<\/p>\n<p>Proyecto \u201cDise\u00f1o e implementaci\u00f3n de la Pol\u00edtica Cultural de la Universidad del Valle<\/p>\n<p>Tel\u00e9fono: (57 + 2) 3212100, ext. 3324<\/p>\n<p>Celular: 316 3802944<\/p>\n<p>Fuente: <a href=\"http:\/\/www.univalle.edu.co\/lo-que-pasa-en-la-u\/docencia-luminosa\/#\">Agencia de Noticias Univalle<\/a><\/p>\n","protected":false},"excerpt":{"rendered":"<p>La conferencia \u201cDocencia luminosa, la visibilidad creativa en procesos complejos de aprendizaje\u201d, prevista para el lunes 27 de noviembre, en el auditorio No. 5, de la Facultad de Ingenier\u00eda, de 10:00 a.m. a 12:00 m, hace parte del Proyecto de Dise\u00f1o e implementaci\u00f3n de la Pol\u00edtica Cultural de la Universidad[&#8230;]<\/p>\n","protected":false},"author":1,"featured_media":19315,"comment_status":"open","ping_status":"open","sticky":false,"template":"","format":"standard","meta":{"footnotes":""},"categories":[4],"tags":[],"_links":{"self":[{"href":"https:\/\/emisora.univalle.edu.co\/index.php\/wp-json\/wp\/v2\/posts\/19312"}],"collection":[{"href":"https:\/\/emisora.univalle.edu.co\/index.php\/wp-json\/wp\/v2\/posts"}],"about":[{"href":"https:\/\/emisora.univalle.edu.co\/index.php\/wp-json\/wp\/v2\/types\/post"}],"author":[{"embeddable":true,"href":"https:\/\/emisora.univalle.edu.co\/index.php\/wp-json\/wp\/v2\/users\/1"}],"replies":[{"embeddable":true,"href":"https:\/\/emisora.univalle.edu.co\/index.php\/wp-json\/wp\/v2\/comments?post=19312"}],"version-history":[{"count":2,"href":"https:\/\/emisora.univalle.edu.co\/index.php\/wp-json\/wp\/v2\/posts\/19312\/revisions"}],"predecessor-version":[{"id":19317,"href":"https:\/\/emisora.univalle.edu.co\/index.php\/wp-json\/wp\/v2\/posts\/19312\/revisions\/19317"}],"wp:featuredmedia":[{"embeddable":true,"href":"https:\/\/emisora.univalle.edu.co\/index.php\/wp-json\/wp\/v2\/media\/19315"}],"wp:attachment":[{"href":"https:\/\/emisora.univalle.edu.co\/index.php\/wp-json\/wp\/v2\/media?parent=19312"}],"wp:term":[{"taxonomy":"category","embeddable":true,"href":"https:\/\/emisora.univalle.edu.co\/index.php\/wp-json\/wp\/v2\/categories?post=19312"},{"taxonomy":"post_tag","embeddable":true,"href":"https:\/\/emisora.univalle.edu.co\/index.php\/wp-json\/wp\/v2\/tags?post=19312"}],"curies":[{"name":"wp","href":"https:\/\/api.w.org\/{rel}","templated":true}]}}