{"id":19318,"date":"2017-11-17T17:13:00","date_gmt":"2017-11-17T22:13:00","guid":{"rendered":"https:\/\/emisora.univalle.edu.co\/?p=19318"},"modified":"2017-12-06T09:31:24","modified_gmt":"2017-12-06T14:31:24","slug":"la-biblioteca-se-viste-de-feria","status":"publish","type":"post","link":"https:\/\/emisora.univalle.edu.co\/index.php\/la-biblioteca-se-viste-de-feria\/","title":{"rendered":"La Biblioteca se viste de Feria"},"content":{"rendered":"<p>Con la presentaci\u00f3n de los libros \u201c60 a\u00f1os de la Feria de Cali\u201d de Corfecali y \u201cSalsa, una historia que contar\u201d de Carolina Rueda, se hizo la apertura de la Exposici\u00f3n \u201cRetrospectiva de la Feria de Cali\u201d.<\/p>\n<p>Durante noviembre y diciembre Univalle podr\u00e1 vivir la Feria de Cali en la Biblioteca Mario Carvajal con una programaci\u00f3n con la que cautivar\u00e1 a todos sus usuarios. La exposici\u00f3n estar\u00e1 disponible entre el 16 de noviembre el 22 de diciembre de 2017.<\/p>\n<p>La exposici\u00f3n la componen un recorrido por la historia gr\u00e1fica de la Feria, afiches del Encuentro de Mel\u00f3manos, fotograf\u00edas de Aymer \u00c1lvarez, vestidos del bailar\u00edn Camilo Zamora, abanderado de los desfiles del Sals\u00f3dromo y Carnaval de Cali Viejo, entre otros.<\/p>\n<p>En el acto de apertura, la gerente de Corfecali Luz Adriana Latorre indic\u00f3 que de esta forma se abre la celebraci\u00f3n de los 60 a\u00f1os de la Feria de Cali, que permitir\u00e1 hacer un recorrido hist\u00f3rico para conocer los vestuarios, afiches y fotograf\u00edas que han marcado este evento tradicional de la ciudad.<\/p>\n<p>Esta exposici\u00f3n hace parte de la programaci\u00f3n cultural de la Feria. Contar\u00e1 con actividades descentralizadas como exposiciones, conversatorios, conferencias, presentaci\u00f3n de libros y presentaciones art\u00edsticas y culturales, para generar sentido de pertenencia y reconocer que la Feria de Cali es una de las m\u00e1s grandes festividades de fin de a\u00f1o en nuestra regi\u00f3n.<\/p>\n<p>Esta exposici\u00f3n es organizada por Corfecali y el \u00c1rea Cultural y el \u00c1rea de Servicios de la Divisi\u00f3n de Bibliotecas de la Universidad del Valle<\/p>\n<p><a href=\"https:\/\/emisora.univalle.edu.co\/la-biblioteca-se-viste-de-feria\/biblioteca-feria1\/\" rel=\"attachment wp-att-19319\"><img loading=\"lazy\" decoding=\"async\" class=\"wp-image-19319 alignright\" src=\"https:\/\/emisora.univalle.edu.co\/wp-content\/uploads\/2017\/11\/biblioteca-feria1.jpg\" alt=\"\" width=\"524\" height=\"348\" srcset=\"https:\/\/emisora.univalle.edu.co\/wp-content\/uploads\/2017\/11\/biblioteca-feria1.jpg 600w, https:\/\/emisora.univalle.edu.co\/wp-content\/uploads\/2017\/11\/biblioteca-feria1-300x200.jpg 300w, https:\/\/emisora.univalle.edu.co\/wp-content\/uploads\/2017\/11\/biblioteca-feria1-560x373.jpg 560w\" sizes=\"(max-width: 524px) 100vw, 524px\" \/><\/a><\/p>\n<p><strong>Programaci\u00f3n<\/strong><\/p>\n<p><strong>Exposici\u00f3n \u201cla memoria hist\u00f3rica de la festividad ferial\u201d.<\/strong><\/p>\n<p>Objetos y fotograf\u00edas que guardan la memoria hist\u00f3rica de 60 a\u00f1os de Feria en la ciudad<\/p>\n<p>Exposici\u00f3n \u201cCali, salsa y memoria\u201d.<\/p>\n<p>Autor: Profesor Alejandro Ulloa, FAI \u2013 Grupo de investigaci\u00f3n Palo de Mango.<\/p>\n<p><strong>CICLO DE CONFERENCIAS.<\/strong><\/p>\n<p>\u27a2 Nov. 21. 10:00 a.m.<\/p>\n<p><strong>Conferencia: La gran fiesta c\u00edvica, el carnaval de Cali. Yirlehan Abril Campo, Estudiante de historia de la Universidad del Valle<\/strong>. 4:00 p.m.<\/p>\n<p>\u27a2 Dic. 5. \/ 4:00 p.m.<\/p>\n<p>C<strong>onferencia: Cali, salsa y memoria. A Cargo del profesor Alejandro Ulloa.<\/strong><\/p>\n<p>Lugar: Auditorio \u00c1ngel Zapata de la Biblioteca Mario Carvajal. Ciudad Universitaria.<\/p>\n<p><strong>CONVERSATORIO<\/strong><\/p>\n<p>Participantes:<\/p>\n<p>Gary Dom\u00ednguez -coordinador del encuentro de Mel\u00f3manos<\/p>\n<p>Mar\u00eda Eugenia Montoya &#8211; creadora y primera gerente de Corfecali,<\/p>\n<p>M\u00fasicos, bailarines, directores de escuelas de salsa, artistas de carnaval, entre otros.<\/p>\n<p>Nov 5 \/10:00 a.m.\/ Sala Jos\u00e9 Celestino Mutis<\/p>\n<p><strong>PRESENTACI\u00d3N DE LIBROS<\/strong><\/p>\n<p>Nov. 16. Presentaci\u00f3n del libro 60 a\u00f1os de Feria, a cargo de Luz Adriana Latorre, directora de Corfecali. 10:00 a.m. \/ Hall del primer piso<\/p>\n<p>Nov. 28. Presentaci\u00f3n del libro: La salsa en Cali., Cultura Urbana, M\u00fasica y Medios de Comunicaci\u00f3n a cargo de Alejandro Ulloa. Docente e investigador de la Escuela de Comunicaci\u00f3n Social. 10:00 a.m. \/ Auditorio \u00c1ngel Zapata<\/p>\n<p>Dic. 6 Presentaci\u00f3n del libro: Las Ferias de Cali, una memoria musical contada, a cargo de Rafael Garc\u00eda. 4:00 p.m. \/ Auditorio \u00c1ngel Zapata<\/p>\n<p><strong>CHARLA AUDICI\u00d3N<\/strong><\/p>\n<p>\u00abLa musicalidad urbana de Nueva York que nos lleg\u00f3 para convertir a Santiago de Cali en capital mundial de la salsa\u201d a cargo de Rafael Mar\u00eda Garc\u00eda Orozco el del \u201cChuzo de Rafa\u201d<\/p>\n<p>Diciembre 1 \/ 10:00 a.m. \/ Auditorio \u00c1ngel Zapata.<\/p>\n<p><strong>S\u00daPER AUDICI\u00d3N MUSICAL DE SALSA \u2013 CIERRE DE FIN DE A\u00d1O<\/strong><\/p>\n<p>Mi\u00e9rcoles 13 de diciembre \/ Plazoleta de las Palmas \/ 3:00 p.m.<\/p>\n<p>Encuentro de bailadores de la rumba en Cali. (Coordina M\u00f3nica Mart\u00ednez).<\/p>\n<p><strong>CONCURSO UNIVALLUNO<\/strong> \u201cLa mejor pareja de Salsa\u201d, abierto a toda la comunidad Universitaria. Premio Sorpresa. En alianza con el \u00c1rea Cultural de la Vicerrector\u00eda de Bienestar Universitario<\/p>\n<p>Informes: Divisi\u00f3n de bibliotecas \u2013 \u00c1rea cultural<\/p>\n<p>Tel\u00e9fonos 3212974 \u2013 3212950<\/p>\n<p>Fuente: A<a href=\"http:\/\/www.univalle.edu.co\/arte-y-cultura\/biblioteca-se-viste-de-feria\/#\">gencia de Noticias Univalle<\/a><\/p>\n","protected":false},"excerpt":{"rendered":"<p>Con la presentaci\u00f3n de los libros \u201c60 a\u00f1os de la Feria de Cali\u201d de Corfecali y \u201cSalsa, una historia que contar\u201d de Carolina Rueda, se hizo la apertura de la Exposici\u00f3n \u201cRetrospectiva de la Feria de Cali\u201d. Durante noviembre y diciembre Univalle podr\u00e1 vivir la Feria de Cali en la[&#8230;]<\/p>\n","protected":false},"author":1,"featured_media":19313,"comment_status":"open","ping_status":"open","sticky":false,"template":"","format":"standard","meta":{"footnotes":""},"categories":[4],"tags":[],"_links":{"self":[{"href":"https:\/\/emisora.univalle.edu.co\/index.php\/wp-json\/wp\/v2\/posts\/19318"}],"collection":[{"href":"https:\/\/emisora.univalle.edu.co\/index.php\/wp-json\/wp\/v2\/posts"}],"about":[{"href":"https:\/\/emisora.univalle.edu.co\/index.php\/wp-json\/wp\/v2\/types\/post"}],"author":[{"embeddable":true,"href":"https:\/\/emisora.univalle.edu.co\/index.php\/wp-json\/wp\/v2\/users\/1"}],"replies":[{"embeddable":true,"href":"https:\/\/emisora.univalle.edu.co\/index.php\/wp-json\/wp\/v2\/comments?post=19318"}],"version-history":[{"count":2,"href":"https:\/\/emisora.univalle.edu.co\/index.php\/wp-json\/wp\/v2\/posts\/19318\/revisions"}],"predecessor-version":[{"id":19321,"href":"https:\/\/emisora.univalle.edu.co\/index.php\/wp-json\/wp\/v2\/posts\/19318\/revisions\/19321"}],"wp:featuredmedia":[{"embeddable":true,"href":"https:\/\/emisora.univalle.edu.co\/index.php\/wp-json\/wp\/v2\/media\/19313"}],"wp:attachment":[{"href":"https:\/\/emisora.univalle.edu.co\/index.php\/wp-json\/wp\/v2\/media?parent=19318"}],"wp:term":[{"taxonomy":"category","embeddable":true,"href":"https:\/\/emisora.univalle.edu.co\/index.php\/wp-json\/wp\/v2\/categories?post=19318"},{"taxonomy":"post_tag","embeddable":true,"href":"https:\/\/emisora.univalle.edu.co\/index.php\/wp-json\/wp\/v2\/tags?post=19318"}],"curies":[{"name":"wp","href":"https:\/\/api.w.org\/{rel}","templated":true}]}}