{"id":19322,"date":"2017-11-17T17:19:35","date_gmt":"2017-11-17T22:19:35","guid":{"rendered":"https:\/\/emisora.univalle.edu.co\/?p=19322"},"modified":"2017-11-17T17:19:35","modified_gmt":"2017-11-17T22:19:35","slug":"los-viajes-y-los-cuentos-de-juan-fernando-merino","status":"publish","type":"post","link":"https:\/\/emisora.univalle.edu.co\/index.php\/los-viajes-y-los-cuentos-de-juan-fernando-merino\/","title":{"rendered":"Los viajes y los cuentos de Juan Fernando Merino"},"content":{"rendered":"<p>Por Sahatee Salazar Mu\u00f1oz, estudiante de Licenciatura en Literatura.<\/p>\n<p>Una conversaci\u00f3n agradable y amena se vivi\u00f3 recientemente durante la tertulia literaria \u201cViernes de Letras\u201d. Juan Moreno Blanco y William Salazar R\u00edos tuvieron la oportunidad de dialogar con Juan Fernando Merino. El encuentro permiti\u00f3 conocer la mirada particular que tiene este cuentista, traductor, e investigador acerca de los muchos viajes que ha realizado durante su vida, la distinci\u00f3n que realiza entre un viajero y un turista y c\u00f3mo aquellas experiencias cultivaron la escritura de relatos que buscaban una nueva perspectiva del mundo.<\/p>\n<p>Poco a poco, se descubri\u00f3 el proceso de escritura por el que tuvo que pasar: reconocer que antes sus narraciones conservaban una polifon\u00eda de voces. No obstante, en su m\u00e1s reciente publicaci\u00f3n de relatos \u00abToreros en la nieve\u201d (2015) y luego de aprender a criticar su propia obra, encontr\u00f3 su voz, que se encuentra rodeada por una tem\u00e1tica particular:el desamparo. Finalmente, con desenvoltura habl\u00f3 acerca de sus futuros proyectos y la posibilidad de publicar una novela.<\/p>\n<p>\u00abViajar, escribir y traducir\u00bb son los mayores gustos que describi\u00f3 este hombre durante una entrevista en 1987. Lo m\u00e1s seguro es que aquello no haya cambiado. Juan Fernando Merino naci\u00f3 en Cali en 1957, sin embargo, aunque esta ciudad lo vio crecer, viaj\u00f3 a Florida para estudiar Ciencias Pol\u00edticas y Econom\u00eda. Luego de su graduaci\u00f3n, su esp\u00edritu aventurero le llev\u00f3 hasta Ohio, donde realiz\u00f3 un m\u00e1ster de Literatura Hisp\u00e1nica.<\/p>\n<p>A lo largo de los a\u00f1os ha obtenido diversos premios literarios; algunos a nivel nacional, como el de la Colecci\u00f3n de Autores Vallecaucanos, y otros en Espa\u00f1a, donde ha sido ganador de siete concursos de cuento entre los que se encuentran los de Bilbao, Ponferrada y Le\u00f3n.<\/p>\n<p>Me referir\u00e9 a una an\u00e9cdota del escritor que encontr\u00e9 sin querer: \u201cEl primer concurso de cuentos que gan\u00e9 en Espa\u00f1a fue en Fuengirola, en 1983. La noticia me lleg\u00f3 seis meses m\u00e1s tarde a un hotel de Nairobi (Kenia), despu\u00e9s de que la carta estuviera dando vueltas por cinco pa\u00edses. Mientras estudiaba swahili, sobreviv\u00eda gracias a las traducciones que hac\u00eda para una empresa dedicada a la importaci\u00f3n de repuestos para maquinaria agr\u00edcola\u00bb. As\u00ed, se confirma que dedica gran parte de su vida a una de sus pasiones: viajar. Y que en medio de tales aventuras, la escritura y las traducciones han sido sus acompa\u00f1antes.<\/p>\n<p>Es autor de los libros de relatos Las visitas ajenas (1995), Viaje al reino maravilloso (2013), El sexto mandamiento (2015) y Toreros en la nieve (2015) y la novela El intendente de Aldaz (1999). Entre 1987 y 1997 estuvo a cargo como jefe de traductores del Festival de Cine de Valladolid, y entre 1990 y 1996 estuvo vinculado con la editorial Anaya de Madrid, para la cual tradujo obras de Mark Twain, Daniel Defoe y Herman Melville, entre otros.<\/p>\n<p>Hacer literatura es algo mucho m\u00e1s complejo que solo plasmar ideas sueltas, y es por esto que leer los relatos de Merino resulta gratificante, pues a trav\u00e9s de su lenguaje se logra apreciar el reflejo del mundo, esa realidad que se contempla bajo una experiencia significativa donde sus personajes se entrelazan espont\u00e1neamente brindando una mirada especial de lo que representan en la construcci\u00f3n de su propio universo.<\/p>\n<p>Fuente: <a href=\"http:\/\/www.univalle.edu.co\/arte-y-cultura\/viajes-cuentos-juan-fernando-merino\/#\">Agencia de Noticias Univalle<\/a><\/p>\n","protected":false},"excerpt":{"rendered":"<p>Por Sahatee Salazar Mu\u00f1oz, estudiante de Licenciatura en Literatura. Una conversaci\u00f3n agradable y amena se vivi\u00f3 recientemente durante la tertulia literaria \u201cViernes de Letras\u201d. Juan Moreno Blanco y William Salazar R\u00edos tuvieron la oportunidad de dialogar con Juan Fernando Merino. El encuentro permiti\u00f3 conocer la mirada particular que tiene este[&#8230;]<\/p>\n","protected":false},"author":1,"featured_media":19325,"comment_status":"open","ping_status":"open","sticky":false,"template":"","format":"standard","meta":{"footnotes":""},"categories":[4],"tags":[],"_links":{"self":[{"href":"https:\/\/emisora.univalle.edu.co\/index.php\/wp-json\/wp\/v2\/posts\/19322"}],"collection":[{"href":"https:\/\/emisora.univalle.edu.co\/index.php\/wp-json\/wp\/v2\/posts"}],"about":[{"href":"https:\/\/emisora.univalle.edu.co\/index.php\/wp-json\/wp\/v2\/types\/post"}],"author":[{"embeddable":true,"href":"https:\/\/emisora.univalle.edu.co\/index.php\/wp-json\/wp\/v2\/users\/1"}],"replies":[{"embeddable":true,"href":"https:\/\/emisora.univalle.edu.co\/index.php\/wp-json\/wp\/v2\/comments?post=19322"}],"version-history":[{"count":1,"href":"https:\/\/emisora.univalle.edu.co\/index.php\/wp-json\/wp\/v2\/posts\/19322\/revisions"}],"predecessor-version":[{"id":19326,"href":"https:\/\/emisora.univalle.edu.co\/index.php\/wp-json\/wp\/v2\/posts\/19322\/revisions\/19326"}],"wp:featuredmedia":[{"embeddable":true,"href":"https:\/\/emisora.univalle.edu.co\/index.php\/wp-json\/wp\/v2\/media\/19325"}],"wp:attachment":[{"href":"https:\/\/emisora.univalle.edu.co\/index.php\/wp-json\/wp\/v2\/media?parent=19322"}],"wp:term":[{"taxonomy":"category","embeddable":true,"href":"https:\/\/emisora.univalle.edu.co\/index.php\/wp-json\/wp\/v2\/categories?post=19322"},{"taxonomy":"post_tag","embeddable":true,"href":"https:\/\/emisora.univalle.edu.co\/index.php\/wp-json\/wp\/v2\/tags?post=19322"}],"curies":[{"name":"wp","href":"https:\/\/api.w.org\/{rel}","templated":true}]}}