{"id":19330,"date":"2017-11-18T08:35:31","date_gmt":"2017-11-18T13:35:31","guid":{"rendered":"https:\/\/emisora.univalle.edu.co\/?p=19330"},"modified":"2017-11-28T13:49:43","modified_gmt":"2017-11-28T18:49:43","slug":"encuentro-politicas-culturales-y-economia-creativa","status":"publish","type":"post","link":"https:\/\/emisora.univalle.edu.co\/index.php\/encuentro-politicas-culturales-y-economia-creativa\/","title":{"rendered":"Encuentro \u00abPol\u00edticas Culturales y Econom\u00eda Creativa\u00bb"},"content":{"rendered":"<p><a href=\"https:\/\/emisora.univalle.edu.co\/encuentro-politicas-culturales-y-economia-creativa\/politicas-cuturales\/\" rel=\"attachment wp-att-19331\"><img loading=\"lazy\" decoding=\"async\" class=\"size-full wp-image-19331 alignright\" src=\"https:\/\/emisora.univalle.edu.co\/wp-content\/uploads\/2017\/11\/pol\u00edticas-cuturales.jpg\" alt=\"\" width=\"400\" height=\"531\" srcset=\"https:\/\/emisora.univalle.edu.co\/wp-content\/uploads\/2017\/11\/pol\u00edticas-cuturales.jpg 400w, https:\/\/emisora.univalle.edu.co\/wp-content\/uploads\/2017\/11\/pol\u00edticas-cuturales-226x300.jpg 226w, https:\/\/emisora.univalle.edu.co\/wp-content\/uploads\/2017\/11\/pol\u00edticas-cuturales-65x86.jpg 65w\" sizes=\"(max-width: 400px) 100vw, 400px\" \/><\/a>La Universidad Icesi de Cali, el Instituto Departamental de Bellas Artes, el Observatorio de Cultura y Econom\u00eda del Ministerio de Cultura de Colombia y la Universidad Jorge Tadeo Lozano de Bogot\u00e1, en alianza con la Secretar\u00eda de Cultura Municipal de Cali , La Universidad del Valle, La Universidad Javeriana de Cali, La Universidad San Buenaventura, y la Comisi\u00f3n Regional de Competitividad, hacen posible un encuentro internacional para explorar estrategias de fortalecimiento de la circulaci\u00f3n de la creaci\u00f3n y producci\u00f3n cultural en las industrias creativas en Latinoam\u00e9rica y Colombia.<\/p>\n<p>El encuentro tendr\u00e1 lugar en las ciudades de Cali y Bogot\u00e1 (Colombia), los d\u00edas 20 y 21 en Cali y 22 y 23 en Bogot\u00e1. Los ejes de reflexi\u00f3n giran en torno a algunos de los seis asuntos fundamentales que debe contemplar la formulaci\u00f3n de una pol\u00edtica p\u00fablica integral para el fortalecimiento y desarrollo de estas:<\/p>\n<ul>\n<li>Estrategias de financiaci\u00f3n desde el sector p\u00fablico y el sector privado.<\/li>\n<li>Comercio exterior y estrategias de internacionalizaci\u00f3n.<\/li>\n<li>Garant\u00eda de los derechos culturales y la diversidad cultural.<\/li>\n<li>Consumo cultural, crecimiento y sostenibilidad del mercado interno.<\/li>\n<li>Estabilidad jur\u00eddica y regulaciones efectivas.<\/li>\n<li>Descentralizaci\u00f3n de la ley y las pol\u00edticas asociadas.<\/li>\n<\/ul>\n<p>El objetivo principal del encuentro consiste en analizar las experiencias de legislaci\u00f3n y pol\u00edtica cultural en Colombia, Argentina, Chile, Puerto Rico, Costa Rica, M\u00e9xico, Per\u00fa, Francia y Canad\u00e1 sobre el dise\u00f1o, implementaci\u00f3n, ejecuci\u00f3n y seguimiento de instrumentos normativos y fuentes de financiaci\u00f3n para el desarrollo de las econom\u00edas creativas y culturales. Estos insumos de contexto internacional y nacional permitir\u00e1n ampliar la discusi\u00f3n sobre las particularidades que en la ciudad de Cali y el Valle del Cauca se viven respecto a las pol\u00edticas culturales propias y los retos que se enfrentan hacia el futuro.<\/p>\n<p><strong>Inscripci\u00f3n:<\/strong><\/p>\n<p>En el siguiente link podr\u00e1 hacer su inscripci\u00f3n al evento: <a href=\"https:\/\/www.icesi.edu.co\/eventos\/inscripcion.php?sched_conf_id=276\">https:\/\/www.icesi.edu.co\/eventos\/inscripcion.php?sched_conf_id=276<\/a><\/p>\n<p>Esperamos contar con su participaci\u00f3n en este espacio de acad\u00e9mico de discusi\u00f3n y reflexi\u00f3n, que sabemos nos dar\u00e1 elementos para la construcci\u00f3n concertada de una pol\u00edtica cultural para la Universidad del Valle.<\/p>\n<p>Fuente: Agencia de Noticias Univalle<\/p>\n","protected":false},"excerpt":{"rendered":"<p>La Universidad Icesi de Cali, el Instituto Departamental de Bellas Artes, el Observatorio de Cultura y Econom\u00eda del Ministerio de Cultura de Colombia y la Universidad Jorge Tadeo Lozano de Bogot\u00e1, en alianza con la Secretar\u00eda de Cultura Municipal de Cali , La Universidad del Valle, La Universidad Javeriana de[&#8230;]<\/p>\n","protected":false},"author":1,"featured_media":19332,"comment_status":"open","ping_status":"open","sticky":false,"template":"","format":"standard","meta":{"footnotes":""},"categories":[4],"tags":[],"_links":{"self":[{"href":"https:\/\/emisora.univalle.edu.co\/index.php\/wp-json\/wp\/v2\/posts\/19330"}],"collection":[{"href":"https:\/\/emisora.univalle.edu.co\/index.php\/wp-json\/wp\/v2\/posts"}],"about":[{"href":"https:\/\/emisora.univalle.edu.co\/index.php\/wp-json\/wp\/v2\/types\/post"}],"author":[{"embeddable":true,"href":"https:\/\/emisora.univalle.edu.co\/index.php\/wp-json\/wp\/v2\/users\/1"}],"replies":[{"embeddable":true,"href":"https:\/\/emisora.univalle.edu.co\/index.php\/wp-json\/wp\/v2\/comments?post=19330"}],"version-history":[{"count":3,"href":"https:\/\/emisora.univalle.edu.co\/index.php\/wp-json\/wp\/v2\/posts\/19330\/revisions"}],"predecessor-version":[{"id":19335,"href":"https:\/\/emisora.univalle.edu.co\/index.php\/wp-json\/wp\/v2\/posts\/19330\/revisions\/19335"}],"wp:featuredmedia":[{"embeddable":true,"href":"https:\/\/emisora.univalle.edu.co\/index.php\/wp-json\/wp\/v2\/media\/19332"}],"wp:attachment":[{"href":"https:\/\/emisora.univalle.edu.co\/index.php\/wp-json\/wp\/v2\/media?parent=19330"}],"wp:term":[{"taxonomy":"category","embeddable":true,"href":"https:\/\/emisora.univalle.edu.co\/index.php\/wp-json\/wp\/v2\/categories?post=19330"},{"taxonomy":"post_tag","embeddable":true,"href":"https:\/\/emisora.univalle.edu.co\/index.php\/wp-json\/wp\/v2\/tags?post=19330"}],"curies":[{"name":"wp","href":"https:\/\/api.w.org\/{rel}","templated":true}]}}