{"id":19346,"date":"2017-11-20T18:15:10","date_gmt":"2017-11-20T23:15:10","guid":{"rendered":"https:\/\/emisora.univalle.edu.co\/?p=19346"},"modified":"2017-11-28T13:49:20","modified_gmt":"2017-11-28T18:49:20","slug":"jornada-tecnologica-de-arquitectura","status":"publish","type":"post","link":"https:\/\/emisora.univalle.edu.co\/index.php\/jornada-tecnologica-de-arquitectura\/","title":{"rendered":"Jornada Tecnol\u00f3gica de Arquitectura"},"content":{"rendered":"<p>Desde este mi\u00e9rcoles 22 y hasta el 24 de noviembre se realizar\u00e1 La &#8216;Jornada Tecnol\u00f3gica de Arquitectura&#8217; en el primer piso del edificio 380, del Campus de Mel\u00e9ndez, organizada por el Departamento de Tecnolog\u00eda de la Construcci\u00f3n de la Escuela de Arquitectura de la Universidad del Valle.<\/p>\n<p>Durante el evento se realizar\u00e1n conferencias en torno al sector de la construcci\u00f3n y habr\u00e1 una exposici\u00f3n de materiales a cargo de empresas invitadas como Eternit, Sika Colombia, DMC, FANALCA, colombiana de PVC, Cementos San Marcos, entre otras.<\/p>\n<p>Diariamente se realizar\u00e1 una videoconferencia con un invitado distinto, dentro de los que se encuentran Hern\u00e1n Casta\u00f1eda de la Universidad de Hartford \u2013 Estados Unidos; Nelson Meneses de la Empresa GEINCOR S. A C. \u2013 Per\u00fa y Walter Giraldo, profesor de la Escuela de Arquitectura, quien adelanta estudios de doctorado en la Universidad de la Plata- Argentina.<\/p>\n<p>Esta jornada hace parte de la Celebraci\u00f3n de los 70 a\u00f1os de la Escuela de Arquitectura de la Facultad de Artes Integradas, cuya programaci\u00f3n acad\u00e9mica responde a la visi\u00f3n que tiene el Departamento de ser un referente nacional por su papel innovador y transformador de los procesos sociales de intervenci\u00f3n del espacio natural y cultural en nuestro contexto geogr\u00e1fico.<\/p>\n<p><a href=\"https:\/\/drive.google.com\/file\/d\/1kiUv_78IEu9iqQxw8nkRt4bxyG_HtS3W\/view\">Ver programaci\u00f3n.<\/a><\/p>\n<p>Fuente: <a href=\"http:\/\/www.univalle.edu.co\/lo-que-pasa-en-la-u\/jornada-tecnologica-arquitectura\/#\">Agencia de Noticias Univalle<\/a><\/p>\n","protected":false},"excerpt":{"rendered":"<p>Desde este mi\u00e9rcoles 22 y hasta el 24 de noviembre se realizar\u00e1 La &#8216;Jornada Tecnol\u00f3gica de Arquitectura&#8217; en el primer piso del edificio 380, del Campus de Mel\u00e9ndez, organizada por el Departamento de Tecnolog\u00eda de la Construcci\u00f3n de la Escuela de Arquitectura de la Universidad del Valle. Durante el evento[&#8230;]<\/p>\n","protected":false},"author":1,"featured_media":19351,"comment_status":"open","ping_status":"open","sticky":false,"template":"","format":"standard","meta":{"footnotes":""},"categories":[4],"tags":[],"_links":{"self":[{"href":"https:\/\/emisora.univalle.edu.co\/index.php\/wp-json\/wp\/v2\/posts\/19346"}],"collection":[{"href":"https:\/\/emisora.univalle.edu.co\/index.php\/wp-json\/wp\/v2\/posts"}],"about":[{"href":"https:\/\/emisora.univalle.edu.co\/index.php\/wp-json\/wp\/v2\/types\/post"}],"author":[{"embeddable":true,"href":"https:\/\/emisora.univalle.edu.co\/index.php\/wp-json\/wp\/v2\/users\/1"}],"replies":[{"embeddable":true,"href":"https:\/\/emisora.univalle.edu.co\/index.php\/wp-json\/wp\/v2\/comments?post=19346"}],"version-history":[{"count":3,"href":"https:\/\/emisora.univalle.edu.co\/index.php\/wp-json\/wp\/v2\/posts\/19346\/revisions"}],"predecessor-version":[{"id":19359,"href":"https:\/\/emisora.univalle.edu.co\/index.php\/wp-json\/wp\/v2\/posts\/19346\/revisions\/19359"}],"wp:featuredmedia":[{"embeddable":true,"href":"https:\/\/emisora.univalle.edu.co\/index.php\/wp-json\/wp\/v2\/media\/19351"}],"wp:attachment":[{"href":"https:\/\/emisora.univalle.edu.co\/index.php\/wp-json\/wp\/v2\/media?parent=19346"}],"wp:term":[{"taxonomy":"category","embeddable":true,"href":"https:\/\/emisora.univalle.edu.co\/index.php\/wp-json\/wp\/v2\/categories?post=19346"},{"taxonomy":"post_tag","embeddable":true,"href":"https:\/\/emisora.univalle.edu.co\/index.php\/wp-json\/wp\/v2\/tags?post=19346"}],"curies":[{"name":"wp","href":"https:\/\/api.w.org\/{rel}","templated":true}]}}