{"id":19371,"date":"2017-11-21T17:46:35","date_gmt":"2017-11-21T22:46:35","guid":{"rendered":"https:\/\/emisora.univalle.edu.co\/?p=19371"},"modified":"2017-11-28T13:48:50","modified_gmt":"2017-11-28T18:48:50","slug":"proyecto-diseno-e-implementacion-de-la-politica-cultural-de-la-universidad-del-valle-2","status":"publish","type":"post","link":"https:\/\/emisora.univalle.edu.co\/index.php\/proyecto-diseno-e-implementacion-de-la-politica-cultural-de-la-universidad-del-valle-2\/","title":{"rendered":"Proyecto \u201cDise\u00f1o e implementaci\u00f3n de la Pol\u00edtica Cultural de la Universidad del Valle\u201d"},"content":{"rendered":"<p><a href=\"https:\/\/emisora.univalle.edu.co\/proyecto-diseno-e-implementacion-de-la-politica-cultural-de-la-universidad-del-valle\/nueva-cultura\/\" rel=\"attachment wp-att-19369\"><img loading=\"lazy\" decoding=\"async\" class=\"size-full wp-image-19369 alignright\" src=\"https:\/\/emisora.univalle.edu.co\/wp-content\/uploads\/2017\/11\/nueva-cultura.jpg\" alt=\"\" width=\"400\" height=\"365\" srcset=\"https:\/\/emisora.univalle.edu.co\/wp-content\/uploads\/2017\/11\/nueva-cultura.jpg 400w, https:\/\/emisora.univalle.edu.co\/wp-content\/uploads\/2017\/11\/nueva-cultura-300x274.jpg 300w\" sizes=\"(max-width: 400px) 100vw, 400px\" \/><\/a>Como parte del Proyecto \u201cDise\u00f1o e implementaci\u00f3n de la Pol\u00edtica Cultural de la Universidad del Valle\u201d, se invita a la comunidad universitaria a participar del foro \u201cLa dimensi\u00f3n cultural en la pol\u00edtica de renovaci\u00f3n curricular de la Universidad\u201d el lunes 27 de noviembre, en el auditorio Estanislao Zuleta de la Universidad del Valle (Auditorio 5), de 2:00 p.m. a 4:00 p.m.<\/p>\n<p><strong>Ponentes:<\/strong><\/p>\n<p>Para esta nueva jornada de trabajo contaremos con la presencia de la profesora Maritza L\u00f3pez de La Roche, docente de la Escuela de Comunicaci\u00f3n Social de la Facultad de Artes Integradas, como moderadora. Como ponentes tendremos a varios docentes con una amplia trayectoria en las artes y la cultura. Entre los invitados tenemos a:<\/p>\n<p><strong>Jos\u00e9 Lu\u00eds Vicario,<\/strong><\/p>\n<p>Universidad de Granada (Espa\u00f1a).<\/p>\n<p><strong>Liliana Patricia Torres Victoria<\/strong><\/p>\n<p>Subdirectora de la Direcci\u00f3n de Autoevaluaci\u00f3n y Calidad Acad\u00e9mica &#8211; DACA.<\/p>\n<p><strong>El\u00edas Sevilla Casas<\/strong><\/p>\n<p>Docente jubilado de la Facultad de Ciencias Sociales y Econ\u00f3micas.<\/p>\n<p><strong>H\u00e9ctor Fabio Salom\u00f3n Pinillo<\/strong><\/p>\n<p>Docente del Departamento de Artes Esc\u00e9nicas, Facultad de Artes Integradas.<\/p>\n<p>Buscando generar espacios para la formulaci\u00f3n de las pol\u00edticas culturales de manera concertada y participativa, extendemos la invitaci\u00f3n a la comunidad universitaria a participar de este espacio de aprendizaje, di\u00e1logo y construcci\u00f3n.<\/p>\n<p>Fuente: <a href=\"http:\/\/www.univalle.edu.co\/lo-que-pasa-en-la-u\/renovacion-curricular\/#\">Agencia de Noticias Univalle<\/a><\/p>\n","protected":false},"excerpt":{"rendered":"<p>Como parte del Proyecto \u201cDise\u00f1o e implementaci\u00f3n de la Pol\u00edtica Cultural de la Universidad del Valle\u201d, se invita a la comunidad universitaria a participar del foro \u201cLa dimensi\u00f3n cultural en la pol\u00edtica de renovaci\u00f3n curricular de la Universidad\u201d el lunes 27 de noviembre, en el auditorio Estanislao Zuleta de la[&#8230;]<\/p>\n","protected":false},"author":1,"featured_media":19370,"comment_status":"open","ping_status":"open","sticky":false,"template":"","format":"standard","meta":{"footnotes":""},"categories":[4],"tags":[],"_links":{"self":[{"href":"https:\/\/emisora.univalle.edu.co\/index.php\/wp-json\/wp\/v2\/posts\/19371"}],"collection":[{"href":"https:\/\/emisora.univalle.edu.co\/index.php\/wp-json\/wp\/v2\/posts"}],"about":[{"href":"https:\/\/emisora.univalle.edu.co\/index.php\/wp-json\/wp\/v2\/types\/post"}],"author":[{"embeddable":true,"href":"https:\/\/emisora.univalle.edu.co\/index.php\/wp-json\/wp\/v2\/users\/1"}],"replies":[{"embeddable":true,"href":"https:\/\/emisora.univalle.edu.co\/index.php\/wp-json\/wp\/v2\/comments?post=19371"}],"version-history":[{"count":2,"href":"https:\/\/emisora.univalle.edu.co\/index.php\/wp-json\/wp\/v2\/posts\/19371\/revisions"}],"predecessor-version":[{"id":19374,"href":"https:\/\/emisora.univalle.edu.co\/index.php\/wp-json\/wp\/v2\/posts\/19371\/revisions\/19374"}],"wp:featuredmedia":[{"embeddable":true,"href":"https:\/\/emisora.univalle.edu.co\/index.php\/wp-json\/wp\/v2\/media\/19370"}],"wp:attachment":[{"href":"https:\/\/emisora.univalle.edu.co\/index.php\/wp-json\/wp\/v2\/media?parent=19371"}],"wp:term":[{"taxonomy":"category","embeddable":true,"href":"https:\/\/emisora.univalle.edu.co\/index.php\/wp-json\/wp\/v2\/categories?post=19371"},{"taxonomy":"post_tag","embeddable":true,"href":"https:\/\/emisora.univalle.edu.co\/index.php\/wp-json\/wp\/v2\/tags?post=19371"}],"curies":[{"name":"wp","href":"https:\/\/api.w.org\/{rel}","templated":true}]}}