{"id":19375,"date":"2017-11-21T18:03:04","date_gmt":"2017-11-21T23:03:04","guid":{"rendered":"https:\/\/emisora.univalle.edu.co\/?p=19375"},"modified":"2017-11-28T13:50:21","modified_gmt":"2017-11-28T18:50:21","slug":"foros-de-co-construccion-del-plan-estrategico-emcali","status":"publish","type":"post","link":"https:\/\/emisora.univalle.edu.co\/index.php\/foros-de-co-construccion-del-plan-estrategico-emcali\/","title":{"rendered":"Foros de Co-construcci\u00f3n del Plan Estrat\u00e9gico Emcali"},"content":{"rendered":"<p>El Instituto de Prospectiva, Innovaci\u00f3n y Gesti\u00f3n del Conocimiento de la Universidad del Valle invita a los foros \u201cCo-construcci\u00f3n del Plan Estrat\u00e9gico Emcali 2018 &#8211; 2023\u201d, que se realizar\u00e1n este 23 y 24 de noviembre, en el Auditorio Diego Israel Delgadillo del Campus de San Fernando.<\/p>\n<p>Estos foros hacen parte del proyecto Plan Estrat\u00e9gico Emcali 2018-2023, que es asesorado por el Instituto de Prospectiva. El proceso que inici\u00f3 en octubre, se ha desarrollado mediante un modelo participativo con equipos de trabajo integrados por funcionarios de la empresa y acad\u00e9micos de la Universidad.<\/p>\n<p>La metodolog\u00eda propuesta incluye tambi\u00e9n la realizaci\u00f3n de tres foros cuyo objetivo es generar un espacio de interacci\u00f3n con los grupos de valor en el que se expongan las tendencias, nuevos negocios, desarrollos tecnol\u00f3gicos y regulaci\u00f3n de cada una de las Unidades Estrat\u00e9gicas de Negocio de Emcali, as\u00ed como las ideas y posibles soluciones a sus planteamientos.<\/p>\n<p>Los foros programados para este 23 y 24 de noviembre abordar\u00e1n los temas de Energ\u00eda y Telecomunicaciones, respectivamente. Esta es una valiosa oportunidad para ser parte de la Co-Construcci\u00f3n de este plan, interactuando con expertos que ofrecer\u00e1n lo mejor de sus estudios y experiencia profesional.<\/p>\n<p>El Foro en que se abordar\u00e1 el tema de Acueducto y Alcantarillado se realizar\u00e1 pr\u00f3ximamente.<\/p>\n<p><a href=\"https:\/\/drive.google.com\/file\/d\/0B7dKVO0ahyE3eHpaX2g2UGZGY3BiZEd1c1NqdFZrNklYZi1F\/view\">Ver programaci\u00f3n<\/a><\/p>\n<p>Fuente: <a href=\"http:\/\/www.univalle.edu.co\/lo-que-pasa-en-la-u\/foros-plan-estrategico-emcali\/#\">Agencia de Noticias Univalle<\/a><\/p>\n","protected":false},"excerpt":{"rendered":"<p>El Instituto de Prospectiva, Innovaci\u00f3n y Gesti\u00f3n del Conocimiento de la Universidad del Valle invita a los foros \u201cCo-construcci\u00f3n del Plan Estrat\u00e9gico Emcali 2018 &#8211; 2023\u201d, que se realizar\u00e1n este 23 y 24 de noviembre, en el Auditorio Diego Israel Delgadillo del Campus de San Fernando. Estos foros hacen parte[&#8230;]<\/p>\n","protected":false},"author":1,"featured_media":19368,"comment_status":"open","ping_status":"open","sticky":false,"template":"","format":"standard","meta":{"footnotes":""},"categories":[4],"tags":[],"_links":{"self":[{"href":"https:\/\/emisora.univalle.edu.co\/index.php\/wp-json\/wp\/v2\/posts\/19375"}],"collection":[{"href":"https:\/\/emisora.univalle.edu.co\/index.php\/wp-json\/wp\/v2\/posts"}],"about":[{"href":"https:\/\/emisora.univalle.edu.co\/index.php\/wp-json\/wp\/v2\/types\/post"}],"author":[{"embeddable":true,"href":"https:\/\/emisora.univalle.edu.co\/index.php\/wp-json\/wp\/v2\/users\/1"}],"replies":[{"embeddable":true,"href":"https:\/\/emisora.univalle.edu.co\/index.php\/wp-json\/wp\/v2\/comments?post=19375"}],"version-history":[{"count":1,"href":"https:\/\/emisora.univalle.edu.co\/index.php\/wp-json\/wp\/v2\/posts\/19375\/revisions"}],"predecessor-version":[{"id":19376,"href":"https:\/\/emisora.univalle.edu.co\/index.php\/wp-json\/wp\/v2\/posts\/19375\/revisions\/19376"}],"wp:featuredmedia":[{"embeddable":true,"href":"https:\/\/emisora.univalle.edu.co\/index.php\/wp-json\/wp\/v2\/media\/19368"}],"wp:attachment":[{"href":"https:\/\/emisora.univalle.edu.co\/index.php\/wp-json\/wp\/v2\/media?parent=19375"}],"wp:term":[{"taxonomy":"category","embeddable":true,"href":"https:\/\/emisora.univalle.edu.co\/index.php\/wp-json\/wp\/v2\/categories?post=19375"},{"taxonomy":"post_tag","embeddable":true,"href":"https:\/\/emisora.univalle.edu.co\/index.php\/wp-json\/wp\/v2\/tags?post=19375"}],"curies":[{"name":"wp","href":"https:\/\/api.w.org\/{rel}","templated":true}]}}