{"id":19387,"date":"2017-11-22T14:19:57","date_gmt":"2017-11-22T19:19:57","guid":{"rendered":"https:\/\/emisora.univalle.edu.co\/?p=19387"},"modified":"2017-11-22T14:20:22","modified_gmt":"2017-11-22T19:20:22","slug":"aliados-academicos-en-iniciativa-mi-comunidad-es-escuela","status":"publish","type":"post","link":"https:\/\/emisora.univalle.edu.co\/index.php\/aliados-academicos-en-iniciativa-mi-comunidad-es-escuela\/","title":{"rendered":"Aliados acad\u00e9micos en iniciativa Mi Comunidad es Escuela"},"content":{"rendered":"<p>Amar a la escuela, sentir pasi\u00f3n por lo que hacemos y comprometernos con la comunidad fue la invitaci\u00f3n que realiz\u00f3 Mar\u00eda Victoria Polanco, directora general del convenio Universidad del Valle en Mi Comunidad es Escuela, durante el primer encuentro recientemente en el Centro Cultural de Cali con los equipos de trabajo de la universidad y las Secretar\u00edas de Educaci\u00f3n y de Cultura Municipal.<\/p>\n<p>La Universidad del Valle fue invitada como aliada acad\u00e9mica a participar en Mi Comunidad es Escuela, la iniciativa m\u00e1s importante de la Alcald\u00eda de Santiago de Cali por el mejoramiento de la calidad de la educaci\u00f3n p\u00fablica inicial, b\u00e1sica y media; y que cuenta con la mayor inversi\u00f3n educativa de los \u00faltimos a\u00f1os con m\u00e1s de 390 mil millones de pesos.<\/p>\n<p><a href=\"https:\/\/emisora.univalle.edu.co\/aliados-academicos-en-iniciativa-mi-comunidad-es-escuela\/aliados-academicos1\/\" rel=\"attachment wp-att-19389\"><img loading=\"lazy\" decoding=\"async\" class=\" wp-image-19389 alignright\" src=\"https:\/\/emisora.univalle.edu.co\/wp-content\/uploads\/2017\/11\/aliados.academicos1.jpg\" alt=\"\" width=\"571\" height=\"378\" srcset=\"https:\/\/emisora.univalle.edu.co\/wp-content\/uploads\/2017\/11\/aliados.academicos1.jpg 600w, https:\/\/emisora.univalle.edu.co\/wp-content\/uploads\/2017\/11\/aliados.academicos1-300x198.jpg 300w, https:\/\/emisora.univalle.edu.co\/wp-content\/uploads\/2017\/11\/aliados.academicos1-560x370.jpg 560w\" sizes=\"(max-width: 571px) 100vw, 571px\" \/><\/a>En la apertura del encuentro estuvieron C\u00e9sar Augusto Ocor\u00f3 Lucumi, Subsecretario de Calidad y Desarrollo Pedag\u00f3gico de la Secretar\u00eda de Educaci\u00f3n de Cali; M\u00f3nica L\u00f3pez Castro, asesora de la Secretar\u00eda de Educaci\u00f3n a cargo de la Coordinaci\u00f3n General de los Componentes 3 y 4 de la iniciativa Mi Comunidad es Escuela; Julio C\u00e9sar Giraldo, coordinador de los proyectos en formaci\u00f3n y capacitaci\u00f3n art\u00edstica desde la Secretar\u00eda de Cultura.<\/p>\n<p>Tambi\u00e9n participaron los directivos de las Unidades Acad\u00e9micas Jos\u00e9 Hleap Borrero, Decano de la Facultad de Artes Integradas; Gloria Isabel Toro, Directora de la DINTEV y CIER-Sur; y los pares acad\u00e9micos de la Secretar\u00eda de Educaci\u00f3n y de Cultura en el proyecto.<\/p>\n<p>Desde la Universidad del Valle participan m\u00e1s de 390 personas con un solo objetivo, en 45 Instituciones Educativas Oficiales, llegando a cerca de 63.000 estudiantes y cerca de 2.600 docentes y funcionarios.<\/p>\n<p>Las seis dimensiones en los que la Universidad enfocar\u00e1 su trabajo son el Fortalecimiento de la gesti\u00f3n curricular; Semilleros TIC; Fortalecimiento de las competencias b\u00e1sicas; Fortalecimiento de competencias b\u00e1sicas a trav\u00e9s del arte y la cultura; Capacitaci\u00f3n en iniciaci\u00f3n y sensibilizaci\u00f3n art\u00edstica; y Comunicaci\u00f3n para la gesti\u00f3n escolar.<\/p>\n<p>De esta manera, la Universidad del Valle inicia su participaci\u00f3n en esta importante apuesta educativa de ciudad que tiene una proyecci\u00f3n de desarrollo hasta el 2019.<\/p>\n<p>Fuente: <a href=\"http:\/\/www.univalle.edu.co\/lo-que-pasa-en-la-u\/aliados-academicos-comunidad-escuela\/#\">Agencia de Noticias Univalle<\/a><\/p>\n","protected":false},"excerpt":{"rendered":"<p>Amar a la escuela, sentir pasi\u00f3n por lo que hacemos y comprometernos con la comunidad fue la invitaci\u00f3n que realiz\u00f3 Mar\u00eda Victoria Polanco, directora general del convenio Universidad del Valle en Mi Comunidad es Escuela, durante el primer encuentro recientemente en el Centro Cultural de Cali con los equipos de[&#8230;]<\/p>\n","protected":false},"author":1,"featured_media":19388,"comment_status":"open","ping_status":"open","sticky":false,"template":"","format":"standard","meta":{"footnotes":""},"categories":[4],"tags":[],"_links":{"self":[{"href":"https:\/\/emisora.univalle.edu.co\/index.php\/wp-json\/wp\/v2\/posts\/19387"}],"collection":[{"href":"https:\/\/emisora.univalle.edu.co\/index.php\/wp-json\/wp\/v2\/posts"}],"about":[{"href":"https:\/\/emisora.univalle.edu.co\/index.php\/wp-json\/wp\/v2\/types\/post"}],"author":[{"embeddable":true,"href":"https:\/\/emisora.univalle.edu.co\/index.php\/wp-json\/wp\/v2\/users\/1"}],"replies":[{"embeddable":true,"href":"https:\/\/emisora.univalle.edu.co\/index.php\/wp-json\/wp\/v2\/comments?post=19387"}],"version-history":[{"count":3,"href":"https:\/\/emisora.univalle.edu.co\/index.php\/wp-json\/wp\/v2\/posts\/19387\/revisions"}],"predecessor-version":[{"id":19396,"href":"https:\/\/emisora.univalle.edu.co\/index.php\/wp-json\/wp\/v2\/posts\/19387\/revisions\/19396"}],"wp:featuredmedia":[{"embeddable":true,"href":"https:\/\/emisora.univalle.edu.co\/index.php\/wp-json\/wp\/v2\/media\/19388"}],"wp:attachment":[{"href":"https:\/\/emisora.univalle.edu.co\/index.php\/wp-json\/wp\/v2\/media?parent=19387"}],"wp:term":[{"taxonomy":"category","embeddable":true,"href":"https:\/\/emisora.univalle.edu.co\/index.php\/wp-json\/wp\/v2\/categories?post=19387"},{"taxonomy":"post_tag","embeddable":true,"href":"https:\/\/emisora.univalle.edu.co\/index.php\/wp-json\/wp\/v2\/tags?post=19387"}],"curies":[{"name":"wp","href":"https:\/\/api.w.org\/{rel}","templated":true}]}}