{"id":19397,"date":"2017-11-22T14:21:29","date_gmt":"2017-11-22T19:21:29","guid":{"rendered":"https:\/\/emisora.univalle.edu.co\/?p=19397"},"modified":"2017-11-22T14:25:32","modified_gmt":"2017-11-22T19:25:32","slug":"carmina-navia-en-viernes-de-letras","status":"publish","type":"post","link":"https:\/\/emisora.univalle.edu.co\/index.php\/carmina-navia-en-viernes-de-letras\/","title":{"rendered":"Carmi\u00f1a Navia en Viernes de Letras"},"content":{"rendered":"<p>La poeta, ensayista y docente Carmi\u00f1a Navia es la invitada a la \u00faltima sesi\u00f3n de Viernes de Letras, programa de la Escuela de Estudios Literarios de la Universidad del Valle.<\/p>\n<p>El conversatorio se realizar\u00e1 este viernes 24 de Noviembre de 2017, a las 6:00 pm, en el Auditorio \u00c1ngel Zapata, Biblioteca Mario Carvajal, Campus de Mel\u00e9ndez.<\/p>\n<p>La actividad ser\u00e1 guiada por las profesoras Mery Cruz calvo y Eliana Scioville. En esta ocasi\u00f3n, la invitada ser\u00e1 presentada por la estudiante de Licenciatura en Literatura Sahate\u00e9 Salazar.<\/p>\n<p><strong>Sobre Carmi\u00f1a Navia<\/strong><\/p>\n<p>Poeta, ensayista, docente, feminista, investigadora y gestora cultural. Tiene una licenciatura en Literatura de la Universidad del Valle, y dos maestr\u00edas, una en Ling\u00fc\u00edstica y Espa\u00f1ol de la misma universidad, y la otra en Teolog\u00eda de la Universidad Javeriana. Tambi\u00e9n realiz\u00f3 estudios sobre Lengua y Literatura Espa\u00f1ola en el Instituto Iberoamericano de Cooperaci\u00f3n en Madrid.<\/p>\n<p>A lo largo de los m\u00e1s de 45 a\u00f1os que lleva en la Universidad del Valle, se ha desempe\u00f1ado con excelencia tanto en la docencia como en la investigaci\u00f3n, y se ha destacado como autora de ensayos cr\u00edticos y de poemarios, realizando una obra importante y reconocida a nivel nacional e internacional.<\/p>\n<p>Fuente:<a href=\"http:\/\/www.univalle.edu.co\/arte-y-cultura\/carmina-navia-viernes-letras\/#\"> Agencia de Noticias Univalle<\/a><\/p>\n","protected":false},"excerpt":{"rendered":"<p>La poeta, ensayista y docente Carmi\u00f1a Navia es la invitada a la \u00faltima sesi\u00f3n de Viernes de Letras, programa de la Escuela de Estudios Literarios de la Universidad del Valle. El conversatorio se realizar\u00e1 este viernes 24 de Noviembre de 2017, a las 6:00 pm, en el Auditorio \u00c1ngel Zapata,[&#8230;]<\/p>\n","protected":false},"author":1,"featured_media":19390,"comment_status":"open","ping_status":"open","sticky":false,"template":"","format":"standard","meta":{"footnotes":""},"categories":[4],"tags":[],"_links":{"self":[{"href":"https:\/\/emisora.univalle.edu.co\/index.php\/wp-json\/wp\/v2\/posts\/19397"}],"collection":[{"href":"https:\/\/emisora.univalle.edu.co\/index.php\/wp-json\/wp\/v2\/posts"}],"about":[{"href":"https:\/\/emisora.univalle.edu.co\/index.php\/wp-json\/wp\/v2\/types\/post"}],"author":[{"embeddable":true,"href":"https:\/\/emisora.univalle.edu.co\/index.php\/wp-json\/wp\/v2\/users\/1"}],"replies":[{"embeddable":true,"href":"https:\/\/emisora.univalle.edu.co\/index.php\/wp-json\/wp\/v2\/comments?post=19397"}],"version-history":[{"count":3,"href":"https:\/\/emisora.univalle.edu.co\/index.php\/wp-json\/wp\/v2\/posts\/19397\/revisions"}],"predecessor-version":[{"id":19402,"href":"https:\/\/emisora.univalle.edu.co\/index.php\/wp-json\/wp\/v2\/posts\/19397\/revisions\/19402"}],"wp:featuredmedia":[{"embeddable":true,"href":"https:\/\/emisora.univalle.edu.co\/index.php\/wp-json\/wp\/v2\/media\/19390"}],"wp:attachment":[{"href":"https:\/\/emisora.univalle.edu.co\/index.php\/wp-json\/wp\/v2\/media?parent=19397"}],"wp:term":[{"taxonomy":"category","embeddable":true,"href":"https:\/\/emisora.univalle.edu.co\/index.php\/wp-json\/wp\/v2\/categories?post=19397"},{"taxonomy":"post_tag","embeddable":true,"href":"https:\/\/emisora.univalle.edu.co\/index.php\/wp-json\/wp\/v2\/tags?post=19397"}],"curies":[{"name":"wp","href":"https:\/\/api.w.org\/{rel}","templated":true}]}}