{"id":19405,"date":"2017-11-22T14:31:06","date_gmt":"2017-11-22T19:31:06","guid":{"rendered":"https:\/\/emisora.univalle.edu.co\/?p=19405"},"modified":"2017-11-22T14:32:26","modified_gmt":"2017-11-22T19:32:26","slug":"charlas-sobre-cien-anos-de-soledad","status":"publish","type":"post","link":"https:\/\/emisora.univalle.edu.co\/index.php\/charlas-sobre-cien-anos-de-soledad\/","title":{"rendered":"Charlas sobre Cien a\u00f1os de soledad"},"content":{"rendered":"<p>Tres docentes de la Escuela de Estudios Literarios de la Universidad del Valle participar\u00e1n en la jornada de charlas sobre \u00abCien a\u00f1os de soledad\u00bb en el cincuentenario de su publicaci\u00f3n.<\/p>\n<p><a href=\"https:\/\/emisora.univalle.edu.co\/aliados-academicos-en-iniciativa-mi-comunidad-es-escuela\/charlas\/\" rel=\"attachment wp-att-19391\"><img loading=\"lazy\" decoding=\"async\" class=\" wp-image-19391 alignright\" src=\"https:\/\/emisora.univalle.edu.co\/wp-content\/uploads\/2017\/11\/charlas.jpg\" alt=\"\" width=\"454\" height=\"340\" srcset=\"https:\/\/emisora.univalle.edu.co\/wp-content\/uploads\/2017\/11\/charlas.jpg 400w, https:\/\/emisora.univalle.edu.co\/wp-content\/uploads\/2017\/11\/charlas-300x225.jpg 300w\" sizes=\"(max-width: 454px) 100vw, 454px\" \/><\/a>Esta jornada es programada por la Biblioteca del Centenario y se realizar\u00e1 este s\u00e1bado 25 de noviembre de 2017, de 3:00 pm a 6:00 pm. La entrada es libre.<\/p>\n<p>La profesora Carmi\u00f1a Navia presentar\u00e1 la conferencia \u201cMis lecturas sobre Garc\u00eda M\u00e1rquez\u201d, Eliana Scioville presentar\u00e1 la ponencia \u201cLa muerte en Cien a\u00f1os de soledad\u201d y el docente Juan Moreno Blanco \u201cEl tiempo \/ Los tiempos en Cien a\u00f1os de soledad\u201d.<\/p>\n<p>Charlas sobre \u00abCien a\u00f1os de soledad\u00bb<\/p>\n<p>Fecha: S\u00e1bado 25 de Noviembre<\/p>\n<p>Lugar: Biblioteca Centenario, Calle 4 Oeste #1 &#8211; 16.<\/p>\n<p>Hora: 3:00 pm<\/p>\n<p>Fuente: <a href=\"http:\/\/www.univalle.edu.co\/arte-y-cultura\/charlas-cien-anos-de-soledad\/#\">Agencia de Noticias Univalle<\/a><\/p>\n","protected":false},"excerpt":{"rendered":"<p>Tres docentes de la Escuela de Estudios Literarios de la Universidad del Valle participar\u00e1n en la jornada de charlas sobre \u00abCien a\u00f1os de soledad\u00bb en el cincuentenario de su publicaci\u00f3n. Esta jornada es programada por la Biblioteca del Centenario y se realizar\u00e1 este s\u00e1bado 25 de noviembre de 2017, de[&#8230;]<\/p>\n","protected":false},"author":1,"featured_media":19392,"comment_status":"open","ping_status":"open","sticky":false,"template":"","format":"standard","meta":{"footnotes":""},"categories":[4],"tags":[],"_links":{"self":[{"href":"https:\/\/emisora.univalle.edu.co\/index.php\/wp-json\/wp\/v2\/posts\/19405"}],"collection":[{"href":"https:\/\/emisora.univalle.edu.co\/index.php\/wp-json\/wp\/v2\/posts"}],"about":[{"href":"https:\/\/emisora.univalle.edu.co\/index.php\/wp-json\/wp\/v2\/types\/post"}],"author":[{"embeddable":true,"href":"https:\/\/emisora.univalle.edu.co\/index.php\/wp-json\/wp\/v2\/users\/1"}],"replies":[{"embeddable":true,"href":"https:\/\/emisora.univalle.edu.co\/index.php\/wp-json\/wp\/v2\/comments?post=19405"}],"version-history":[{"count":3,"href":"https:\/\/emisora.univalle.edu.co\/index.php\/wp-json\/wp\/v2\/posts\/19405\/revisions"}],"predecessor-version":[{"id":19408,"href":"https:\/\/emisora.univalle.edu.co\/index.php\/wp-json\/wp\/v2\/posts\/19405\/revisions\/19408"}],"wp:featuredmedia":[{"embeddable":true,"href":"https:\/\/emisora.univalle.edu.co\/index.php\/wp-json\/wp\/v2\/media\/19392"}],"wp:attachment":[{"href":"https:\/\/emisora.univalle.edu.co\/index.php\/wp-json\/wp\/v2\/media?parent=19405"}],"wp:term":[{"taxonomy":"category","embeddable":true,"href":"https:\/\/emisora.univalle.edu.co\/index.php\/wp-json\/wp\/v2\/categories?post=19405"},{"taxonomy":"post_tag","embeddable":true,"href":"https:\/\/emisora.univalle.edu.co\/index.php\/wp-json\/wp\/v2\/tags?post=19405"}],"curies":[{"name":"wp","href":"https:\/\/api.w.org\/{rel}","templated":true}]}}