{"id":19420,"date":"2017-11-23T10:52:02","date_gmt":"2017-11-23T15:52:02","guid":{"rendered":"https:\/\/emisora.univalle.edu.co\/?p=19420"},"modified":"2017-11-23T10:52:02","modified_gmt":"2017-11-23T15:52:02","slug":"el-legado-de-emile-durkheim-a-cien-anos-de-su-muerte","status":"publish","type":"post","link":"https:\/\/emisora.univalle.edu.co\/index.php\/el-legado-de-emile-durkheim-a-cien-anos-de-su-muerte\/","title":{"rendered":"El legado de \u00c9mile Durkheim, a cien a\u00f1os de su muerte"},"content":{"rendered":"<p><a href=\"https:\/\/emisora.univalle.edu.co\/el-legado-de-emile-durkheim-a-cien-anos-de-su-muerte\/legado\/\" rel=\"attachment wp-att-19421\"><img loading=\"lazy\" decoding=\"async\" class=\" wp-image-19421 alignright\" src=\"https:\/\/emisora.univalle.edu.co\/wp-content\/uploads\/2017\/11\/legado.jpg\" alt=\"\" width=\"420\" height=\"504\" srcset=\"https:\/\/emisora.univalle.edu.co\/wp-content\/uploads\/2017\/11\/legado.jpg 400w, https:\/\/emisora.univalle.edu.co\/wp-content\/uploads\/2017\/11\/legado-250x300.jpg 250w\" sizes=\"(max-width: 420px) 100vw, 420px\" \/><\/a>La conferencia \u201cEl legado de \u00c9mile Durkheim, a cien a\u00f1os de su muerte: Aportes de su perspectiva para pensar los problemas del presente\u201d, que organiza el Departamento de Ciencias Sociales de la Universidad del Valle, ser\u00e1 el 24 de noviembre, a las 10.00 a.m. en el Auditorio Antonio J. Posada, edificio 387. Entrada libre<\/p>\n<p>Esta charla se realiza en el marco de Charlas de los Viernes, ciclo de conferencias \u201cDurkheim a 100 a\u00f1os de su muerte\u201d, y estar\u00e1 a cargo de Juan Pablo V\u00e1zquez Guti\u00e9rrez, Doctor (Ph.D) en Sociolog\u00eda de la Universidad Complutense de Madrid.<\/p>\n<p>Juan Pablo V\u00e1zquez Guti\u00e9rrez es licenciado en Pedagog\u00eda por la Universidad Nacional Aut\u00f3noma de M\u00e9xico &#8211; UNAM, mag\u00edster en Investigaci\u00f3n y Desarrollo de la Educaci\u00f3n por la Universidad Iberoamericana &#8211; UIA, Campus Ciudad de M\u00e9xico y Doctor (Ph.D) en Sociolog\u00eda por la Universidad Complutense de Madrid.<\/p>\n<p>Sus temas de inter\u00e9s giran en torno a la teor\u00eda sociol\u00f3gica cl\u00e1sica y contempor\u00e1nea, en especial la obra de \u00c9mile Durkheim y de Pierre Bourdieu; sociolog\u00eda pol\u00edtica y de la cultura; as\u00ed como temas de cultura, Interculturalidad y pueblos ind\u00edgenas.<\/p>\n<p>Entre sus publicaciones recientes destacan: \u201cSociolog\u00eda y antropolog\u00eda en la obra de Durkheim\u201d cap\u00edtulo publicado en el libro \u201cSociolog\u00eda y antropolog\u00eda. Pensar las humanidades\u201d, Editorial UNAM\/Juan Pablos Editor; y el libro \u201cAutoridad y moral y autonom\u00eda. Una relectura del pensamiento sociol\u00f3gico de \u00c9mile Durkheim\u201d.<\/p>\n<p>Imparte los cursos de teor\u00eda sociol\u00f3gica cl\u00e1sica, teor\u00eda sociol\u00f3gica contempor\u00e1nea y pol\u00edtica y sociolog\u00eda en Pierre Bourdieu en el Departamento de Ciencias Sociales y Pol\u00edticas de la Universidad Iberoamericana de M\u00e9xico. Desde enero de 2006, participa en la edici\u00f3n de la revista electr\u00f3nica Iberoforum, destinada a la presentaci\u00f3n de trabajos sobre temas de pol\u00edtica, sociolog\u00eda y antropolog\u00eda social.<\/p>\n<p>Informes<\/p>\n<p>Departamento de Ciencias Sociales<\/p>\n<p>Tel\u00e9fono directo: 3212322<\/p>\n<p>Extensi\u00f3n: 2322<\/p>\n<p>Correo electr\u00f3nico: <a href=\"mailto:desocial@correounivalle.edu.co\">desocial@correounivalle.edu.co<\/a><\/p>\n<p>Fuente: <a href=\"http:\/\/www.univalle.edu.co\/lo-que-pasa-en-la-u\/legado-emile-durkheim\/#\">Agencia de Noticias Univalle<\/a><\/p>\n","protected":false},"excerpt":{"rendered":"<p>La conferencia \u201cEl legado de \u00c9mile Durkheim, a cien a\u00f1os de su muerte: Aportes de su perspectiva para pensar los problemas del presente\u201d, que organiza el Departamento de Ciencias Sociales de la Universidad del Valle, ser\u00e1 el 24 de noviembre, a las 10.00 a.m. en el Auditorio Antonio J. Posada,[&#8230;]<\/p>\n","protected":false},"author":1,"featured_media":19422,"comment_status":"open","ping_status":"open","sticky":false,"template":"","format":"standard","meta":{"footnotes":""},"categories":[4],"tags":[],"_links":{"self":[{"href":"https:\/\/emisora.univalle.edu.co\/index.php\/wp-json\/wp\/v2\/posts\/19420"}],"collection":[{"href":"https:\/\/emisora.univalle.edu.co\/index.php\/wp-json\/wp\/v2\/posts"}],"about":[{"href":"https:\/\/emisora.univalle.edu.co\/index.php\/wp-json\/wp\/v2\/types\/post"}],"author":[{"embeddable":true,"href":"https:\/\/emisora.univalle.edu.co\/index.php\/wp-json\/wp\/v2\/users\/1"}],"replies":[{"embeddable":true,"href":"https:\/\/emisora.univalle.edu.co\/index.php\/wp-json\/wp\/v2\/comments?post=19420"}],"version-history":[{"count":2,"href":"https:\/\/emisora.univalle.edu.co\/index.php\/wp-json\/wp\/v2\/posts\/19420\/revisions"}],"predecessor-version":[{"id":19424,"href":"https:\/\/emisora.univalle.edu.co\/index.php\/wp-json\/wp\/v2\/posts\/19420\/revisions\/19424"}],"wp:featuredmedia":[{"embeddable":true,"href":"https:\/\/emisora.univalle.edu.co\/index.php\/wp-json\/wp\/v2\/media\/19422"}],"wp:attachment":[{"href":"https:\/\/emisora.univalle.edu.co\/index.php\/wp-json\/wp\/v2\/media?parent=19420"}],"wp:term":[{"taxonomy":"category","embeddable":true,"href":"https:\/\/emisora.univalle.edu.co\/index.php\/wp-json\/wp\/v2\/categories?post=19420"},{"taxonomy":"post_tag","embeddable":true,"href":"https:\/\/emisora.univalle.edu.co\/index.php\/wp-json\/wp\/v2\/tags?post=19420"}],"curies":[{"name":"wp","href":"https:\/\/api.w.org\/{rel}","templated":true}]}}