{"id":19434,"date":"2017-11-23T15:40:54","date_gmt":"2017-11-23T20:40:54","guid":{"rendered":"https:\/\/emisora.univalle.edu.co\/?p=19434"},"modified":"2017-11-28T13:48:19","modified_gmt":"2017-11-28T18:48:19","slug":"dia-de-la-no-violencia-contra-la-mujer","status":"publish","type":"post","link":"https:\/\/emisora.univalle.edu.co\/index.php\/dia-de-la-no-violencia-contra-la-mujer\/","title":{"rendered":"D\u00eda de la No Violencia contra la Mujer"},"content":{"rendered":"<p>Como parte de la celebraci\u00f3n del D\u00eda de la No Violencia contra la Mujer, este 25 de noviembre, la Universidad del Valle desarrollar\u00e1 las siguientes actividades:<\/p>\n<p><strong>Martes 28<\/strong><\/p>\n<p>G\u00e9nero y teatro. Puestas en escena sobre violencias de g\u00e9nero en la Universidad a cargo del colectivo F\u00e9minas Festivas. Las obras de teatro retratan las relaciones de poder patriarcales en la familia, las organizaciones estudiantiles y las instituciones educativas, haciendo alusi\u00f3n a la discriminaci\u00f3n de las personas con identidades de g\u00e9nero diversas, la imposici\u00f3n de los estereotipos de g\u00e9nero, el acoso sexual, la revictimizaci\u00f3n y el acoso cibern\u00e9tico.<\/p>\n<p>Horas: 10:00 a.m., 12:30 p.m., 4:30 p.m.<\/p>\n<p>Lugar: Plazoleta Gabriel Vel\u00e1quez Palau, Campus San Fernando<\/p>\n<p><strong>Mi\u00e9rcoles 29<\/strong><\/p>\n<p>Conferencia \u201cPor una vuelta a la historia y una revisi\u00f3n de la modernidad\u201d. Analiza el deterioro de las condiciones de vida de las mujeres en Colombia y en el mundo, as\u00ed como lo que signific\u00f3 el advenimiento de la modernidad para las mujeres.Ponente. Susana Matallana, ( Ph.D.)<\/p>\n<p>Hora: 3:00 p.m. \u2013 6:00 p.m.<\/p>\n<p>Lugar: Auditorio \u00c1ngel Zapata, Campus Mel\u00e9ndez<\/p>\n<p><strong>Jueves 30<\/strong><\/p>\n<p>G\u00e9nero y teatro. Puestas en escena sobre violencias de g\u00e9nero en la Universidad, a cargo del colectivo F\u00e9minas Festivas<\/p>\n<p>Horas: 10:00 a.m., 12:30 p.m., 2:00 p.m.<\/p>\n<p>Lugar: Bajos de Ciencias,sede Mel\u00e9ndez<\/p>\n<p>El jueves 30 se llevar\u00e1 a cabo el Simposio Discursos y subjetividades: reflexiones en torno al g\u00e9nero, en el Auditorio \u00c1ngel Zapata de la Biblioteca Central, a las 10:00 a.m.<\/p>\n<p>Este evento es organizado por el Grupo G\u00e9nero, Literatura y Discurso del Centro de Investigaciones y Estudios de G\u00e9nero, Mujer y Sociedad, y el grupo Literatura y Educaci\u00f3n de la Escuela de Estudios Literarios.<\/p>\n<p>En el Simposio se presentan los resultados del proyecto de investigaci\u00f3n Discursos y subjetividades: feminidades y masculinidades, realizado por las profesores: Carmi\u00f1a Navia, Juan Moreno, Mery Cruz, y Gabriela Castellanos, con la estudiante del Doctorado en Humanidades, Luz Elena Luna y dos estudiantes del semillero de investigaci\u00f3n en g\u00e9nero, Carolina Eslava y Lina Lucum\u00ed. El Simposio versa sobre los siguientes temas:<\/p>\n<ol>\n<li>La revolucionaria idea de la teolog\u00eda feminista, de la necesidad de abandonar la tradici\u00f3n de representar a Dios como var\u00f3n y de la exclusi\u00f3n de la mujer de la teolog\u00eda de la liberaci\u00f3n.<\/li>\n<li>La representaci\u00f3n de las mujeres de la mafia en la literatura en la que se han basado varias telenovelas colombianas.<\/li>\n<li>Modos novedosos y amenos de ense\u00f1arles literatura de g\u00e9nero a los j\u00f3venes.<\/li>\n<li>El discurso teatral construido por mujeres desplazadas a partir de sus propias historias.<\/li>\n<li>C\u00f3mo conciben la feminidad dos mujeres de estrato seis en Cali.<\/li>\n<li>C\u00f3mo ejercen la maternidad empleadas dom\u00e9sticas negras que trabajan internas y deben dejar a sus hijos en poder de otras.<\/li>\n<\/ol>\n<p>Aprovechando la celebraci\u00f3n D\u00eda de la No Violencia contra la Mujer este 25 de noviembre, empez\u00f3 a hacer la Cartograf\u00eda Social de las Violencia de G\u00e9nero en el campus universitario, entregando a los estudiantes un autoadhesivo con con t\u00edtulos como: acoso verbal, acoso a poblaci\u00f3n diversa, acoso sicol\u00f3gico-emocional, exhibicionismo y agresi\u00f3n a poblaci\u00f3n diversa, con el fin de que fueran colocados en el mapa de la Universidad, Campus de Mel\u00e9ndez, donde ocurrir\u00edan estos hechos.<\/p>\n<p>Tambi\u00e9n se hicieron autoadhesivos para identificar los sitios seguros dentro de la Universidad con el fin de conservarlos.<\/p>\n<p>Esta actividad se repiti\u00f3 en la sede de San Fernando donde, adem\u00e1s, se desarroll\u00f3 el panel Brechas y relaciones de g\u00e9nero en las Universidades de Cali, como parte de la sesi\u00f3n inaugural de la C\u00e1tedra Itinerante por la Equidad de G\u00e9nero. Estuvieron como ponentes profesores de la Universidad del Valle, Icesi y Universidad Cooperativa, quienes mostraron c\u00f3mo se manifiestan las brechas y las relaciones de g\u00e9nero en cada universidad participante.<\/p>\n<p>La Directora del Centro de Investigaciones Mujer, G\u00e9nero y Sociedad de Univalle, Alba Nubia Rodr\u00edguez sostuvo que esta experiencia ser\u00e1 fundamental para elaborar la Pol\u00edtica de G\u00e9nero de la Universidad y construir la Ruta de Atenci\u00f3n contra la violencia de g\u00e9nero, con el fin de apoyar a los estudiantes, profesores y funcionarios administrativos del alma mater.<\/p>\n<p>Fuente: <a href=\"http:\/\/www.univalle.edu.co\/lo-que-pasa-en-la-u\/no-violencia-mujer\/#\">Agencia de Noticias Univalle<\/a><\/p>\n","protected":false},"excerpt":{"rendered":"<p>Como parte de la celebraci\u00f3n del D\u00eda de la No Violencia contra la Mujer, este 25 de noviembre, la Universidad del Valle desarrollar\u00e1 las siguientes actividades: Martes 28 G\u00e9nero y teatro. Puestas en escena sobre violencias de g\u00e9nero en la Universidad a cargo del colectivo F\u00e9minas Festivas. Las obras de[&#8230;]<\/p>\n","protected":false},"author":1,"featured_media":19428,"comment_status":"open","ping_status":"open","sticky":false,"template":"","format":"standard","meta":{"footnotes":""},"categories":[4],"tags":[],"_links":{"self":[{"href":"https:\/\/emisora.univalle.edu.co\/index.php\/wp-json\/wp\/v2\/posts\/19434"}],"collection":[{"href":"https:\/\/emisora.univalle.edu.co\/index.php\/wp-json\/wp\/v2\/posts"}],"about":[{"href":"https:\/\/emisora.univalle.edu.co\/index.php\/wp-json\/wp\/v2\/types\/post"}],"author":[{"embeddable":true,"href":"https:\/\/emisora.univalle.edu.co\/index.php\/wp-json\/wp\/v2\/users\/1"}],"replies":[{"embeddable":true,"href":"https:\/\/emisora.univalle.edu.co\/index.php\/wp-json\/wp\/v2\/comments?post=19434"}],"version-history":[{"count":1,"href":"https:\/\/emisora.univalle.edu.co\/index.php\/wp-json\/wp\/v2\/posts\/19434\/revisions"}],"predecessor-version":[{"id":19435,"href":"https:\/\/emisora.univalle.edu.co\/index.php\/wp-json\/wp\/v2\/posts\/19434\/revisions\/19435"}],"wp:featuredmedia":[{"embeddable":true,"href":"https:\/\/emisora.univalle.edu.co\/index.php\/wp-json\/wp\/v2\/media\/19428"}],"wp:attachment":[{"href":"https:\/\/emisora.univalle.edu.co\/index.php\/wp-json\/wp\/v2\/media?parent=19434"}],"wp:term":[{"taxonomy":"category","embeddable":true,"href":"https:\/\/emisora.univalle.edu.co\/index.php\/wp-json\/wp\/v2\/categories?post=19434"},{"taxonomy":"post_tag","embeddable":true,"href":"https:\/\/emisora.univalle.edu.co\/index.php\/wp-json\/wp\/v2\/tags?post=19434"}],"curies":[{"name":"wp","href":"https:\/\/api.w.org\/{rel}","templated":true}]}}