{"id":19448,"date":"2017-11-24T13:50:21","date_gmt":"2017-11-24T18:50:21","guid":{"rendered":"https:\/\/emisora.univalle.edu.co\/?p=19448"},"modified":"2017-11-24T13:53:59","modified_gmt":"2017-11-24T18:53:59","slug":"en-busca-de-la-nacion-colombiana","status":"publish","type":"post","link":"https:\/\/emisora.univalle.edu.co\/index.php\/en-busca-de-la-nacion-colombiana\/","title":{"rendered":"En busca de la naci\u00f3n colombiana"},"content":{"rendered":"<p>Cerca de 200 personas asistieron al lanzamiento del libro \u00abEn busca de la naci\u00f3n colombiana\u00bb producto de una extensa entrevista que el profesor de la Universidad del Valle Alberto Valencia Guti\u00e9rrez le hizo a Daniel P\u00e9caut, uno de los colombianistas de mayor trayectoria en este campo. El reciente lanzamiento del libro fue en la casona de la Sociedad de Mejoras P\u00fablicas de Cali.<\/p>\n<p>El acto central del lanzamiento fue un conversatorio entre el autor del libro, el entrevistado con la moderaci\u00f3n del profesor jubilado de esta misma instituci\u00f3n \u00c1lvaro Guzm\u00e1n sobre la situaci\u00f3n colombiana actual.<\/p>\n<p>El libro \u00abEn busca de la naci\u00f3n colombiana\u00bb consiste en una larga entrevista de m\u00e1s de 500 preguntas en la cual se hace un recorrido por la historia colombiana, desde 1930 hasta las consecuencias del plebiscito de 2016; incluida la Revoluci\u00f3n en marcha de L\u00f3pez Pumarejo; el gaitanismo; la Violencia de los a\u00f1os 50; el Frente Nacional; la evoluci\u00f3n de los grupos armados; la irrupci\u00f3n del narcotr\u00e1fico y los procesos de paz, con un \u00e9nfasis particular en los resultados de los recientes acuerdos de La Habana.<\/p>\n<p>Alberto Valencia Guti\u00e9rrez es economista de la Universidad del Valle y realiz\u00f3 tres dipolomados de estudios a profundidad, en Francia. Uno en sociolog\u00eda en la Escuela de Altos Estudios en Ciencias Sociales de Par\u00eds, otro en psicoan\u00e1lisis en la Universidad Par\u00eds VIII y un tercero en filosof\u00eda en la Universidad de Par\u00eds I. Realiz\u00f3 estudios de Doctorado de Sociolog\u00eda en la Universidad de Altos Estudios en Ciencias Sociales de Par\u00eds.<\/p>\n<p>El libro tambi\u00e9n incluye una biograf\u00eda intelectual del profesor P\u00e9caut, y a lo largo de sus p\u00e1ginas se lleva a cabo una discusi\u00f3n de sus principales trabajos sobre la situaci\u00f3n colombiana<\/p>\n<p>Daniel P\u00e9caut es soci\u00f3logo franc\u00e9s, director de estudios de la Escuela de Altos Estudios en Ciencias Sociales (Ehess) de Francia, ha sido colombianista desde los a\u00f1os setenta. Fue fundacional en su momento, pues sembr\u00f3 la idea de que la democracia era la \u00b4contra cara\u00b4 de la violencia. Sus libros, como Orden y violencia y Dos d\u00e9cadas de pol\u00edtica colombiana, son bastante valorados en Colombia, pues en ellos, trabaj\u00f3 la idea de que la democracia a la colombiana era el producto de una falta de regulaci\u00f3n y que en esa medida, la democracia expresaba el poder de los que ten\u00edan m\u00e1s capacidad de ejercer presi\u00f3n.<\/p>\n<p>En el a\u00f1o 2.000, recibi\u00f3 un Doctorado Honoris Causa de la Universidad Nacional y en el 2.007 recibi\u00f3 la nacionalidad del gobierno colombiano. Durante las negociaciones en La Habana, el Comisionado de Paz Sergio Jaramillo lo incluy\u00f3 como parte de la Comisi\u00f3n de Esclarecimiento del Conflicto.<\/p>\n<p>Una de las principales conclusiones del evento de lanzamiento del libro es que buena parte de los impedimentos que ha tenido la implementaci\u00f3n del reciente proceso de paz proviene del hecho de que los colombianos han manifestado desde siempre un inmenso temor al futuro, con base en el desciframiento de la historia como una serie de cat\u00e1strofes o como una repetici\u00f3n perenne de lo mismo, frente a lo cual no hay salida posible.<\/p>\n<p>Esta clase de eventos, como el lanzamiento del libro, permite abrir espacios de discusi\u00f3n acerca de la vida nacional, en un momento tan crucial como el actual, en que se define el futuro del pa\u00eds, explic\u00f3 uno de los asistentes.<\/p>\n<p>Fuente: <a href=\"http:\/\/www.univalle.edu.co\/arte-y-cultura\/nacion-colombia\/#\">Agencia de Noticias Univalle<\/a><\/p>\n","protected":false},"excerpt":{"rendered":"<p>Cerca de 200 personas asistieron al lanzamiento del libro \u00abEn busca de la naci\u00f3n colombiana\u00bb producto de una extensa entrevista que el profesor de la Universidad del Valle Alberto Valencia Guti\u00e9rrez le hizo a Daniel P\u00e9caut, uno de los colombianistas de mayor trayectoria en este campo. El reciente lanzamiento del[&#8230;]<\/p>\n","protected":false},"author":1,"featured_media":19449,"comment_status":"open","ping_status":"open","sticky":false,"template":"","format":"standard","meta":{"footnotes":""},"categories":[4],"tags":[],"_links":{"self":[{"href":"https:\/\/emisora.univalle.edu.co\/index.php\/wp-json\/wp\/v2\/posts\/19448"}],"collection":[{"href":"https:\/\/emisora.univalle.edu.co\/index.php\/wp-json\/wp\/v2\/posts"}],"about":[{"href":"https:\/\/emisora.univalle.edu.co\/index.php\/wp-json\/wp\/v2\/types\/post"}],"author":[{"embeddable":true,"href":"https:\/\/emisora.univalle.edu.co\/index.php\/wp-json\/wp\/v2\/users\/1"}],"replies":[{"embeddable":true,"href":"https:\/\/emisora.univalle.edu.co\/index.php\/wp-json\/wp\/v2\/comments?post=19448"}],"version-history":[{"count":2,"href":"https:\/\/emisora.univalle.edu.co\/index.php\/wp-json\/wp\/v2\/posts\/19448\/revisions"}],"predecessor-version":[{"id":19451,"href":"https:\/\/emisora.univalle.edu.co\/index.php\/wp-json\/wp\/v2\/posts\/19448\/revisions\/19451"}],"wp:featuredmedia":[{"embeddable":true,"href":"https:\/\/emisora.univalle.edu.co\/index.php\/wp-json\/wp\/v2\/media\/19449"}],"wp:attachment":[{"href":"https:\/\/emisora.univalle.edu.co\/index.php\/wp-json\/wp\/v2\/media?parent=19448"}],"wp:term":[{"taxonomy":"category","embeddable":true,"href":"https:\/\/emisora.univalle.edu.co\/index.php\/wp-json\/wp\/v2\/categories?post=19448"},{"taxonomy":"post_tag","embeddable":true,"href":"https:\/\/emisora.univalle.edu.co\/index.php\/wp-json\/wp\/v2\/tags?post=19448"}],"curies":[{"name":"wp","href":"https:\/\/api.w.org\/{rel}","templated":true}]}}