{"id":19452,"date":"2017-11-27T08:10:51","date_gmt":"2017-11-27T13:10:51","guid":{"rendered":"https:\/\/emisora.univalle.edu.co\/?p=19452"},"modified":"2017-11-27T16:51:28","modified_gmt":"2017-11-27T21:51:28","slug":"inicia-escuela-de-estudios-avanzados","status":"publish","type":"post","link":"https:\/\/emisora.univalle.edu.co\/index.php\/inicia-escuela-de-estudios-avanzados\/","title":{"rendered":"Inicia Escuela de Estudios Avanzados"},"content":{"rendered":"<p>Desde el lunes 27 de noviembre y hasta el s\u00e1bado 2 de diciembre se realizar\u00e1 la Escuela de Estudios Avanzados \u2013 Di\u00e1logos \u00c9tnico-Raciales: \u00c1frica, Am\u00e9rica, Europa organizada por el Grupo de Investigaci\u00f3n de Estudios \u00c9tnico Raciales y del Trabajo en sus Diferentes Componentes Sociales<\/p>\n<p>El grupo de investigaci\u00f3n est\u00e1 adscrito a la Facultad de Ciencias Sociales y Econ\u00f3micas y para la organizaci\u00f3n del evento cuenta con el apoyo de la Vicerrector\u00eda de Investigaciones, la Direcci\u00f3n de Relaciones Internacionales y la Facultad de Humanidades.<\/p>\n<p>El programa BIGSAS de la Universidad de Bayreuth (Alemania) y el Centro de Estudios Afro-orientales de la Universidad Federal de Bah\u00eda (UFBA) tambi\u00e9n han cooperado para su realizaci\u00f3n.<\/p>\n<p>Reconocidos investigadores de esta tem\u00e1tica como Mara Loveman del Departamento de Sociolog\u00eda de la Universidad de California, Berkeley; e Ir\u00e8ne Pereira de la Universidad de Paris, entre otros, participar\u00e1n con ponencias en las jornadas establecidas en la programaci\u00f3n.<\/p>\n<p>La primera conferencia estar\u00e1 a cargo de Mara Loveman, este lunes 27 a las 10:00 a.m. y se titula \u201cWho Counts? Diversity, Development, and the Politics of the Census in 21st-Century Latin America\u201d. Se realizar\u00e1 en el Auditorio Antonio J. Posada del Campus de Mel\u00e9ndez. Entrada libre.<\/p>\n<p>A las 5:00 p.m. del mismo lunes 27 de noviembre, el turno es para el investigador Fernando Urrea, profesor del Departamento de Ciencias Sociales, con la charla \u201cPigmentocracias: C\u00f3mo estudiar la raza en Am\u00e9rica\u201d, en el mismo auditorio con entrada gratuita.<\/p>\n<p>Las otras conferencias de entrada libre son:<\/p>\n<p>&#8211;\u00a0\u00a0\u00a0\u00a0\u00a0\u00a0 <strong>Martes 28 de noviembre &#8211; 5:00 p.m.: \u201cSubjetivacao e Performance entre homens jovens racializados na Bahia\u201d por Osmundo Araujo Pinho, Universidad Federal do Reconcavo da Bahia.<\/strong><\/p>\n<p><strong>&#8211;\u00a0\u00a0\u00a0\u00a0\u00a0\u00a0 Viernes 1 de diciembre 10:00 a.m.: \u201cInterseccionalidad: controversias militantes y te\u00f3ricas en el espacio franc\u00e9s\u201d por Ir\u00e8ne Pereira.<\/strong><\/p>\n<p>Durante los d\u00edas en que se desarrolla la Escuela se realizar\u00e1n diversas actividades, unas de entrada libre como estas conferencias magistrales y otras programadas exclusivamente para los ponentes.<\/p>\n<p>La programaci\u00f3n puede ser consultada en el siguiente enlace: calendario de actividades de Escuela de Estudios Avanzados.<\/p>\n<p>Informes: Facultad de Ciencias Sociales y Econ\u00f3micas<\/p>\n<p>Secretar\u00eda de Posgrados \u2013 \u00c1rea de Comunicaciones<\/p>\n<p>C.E: <a href=\"mailto:eventos.socioeconomia@correounivalle.edu.co\">eventos.socioeconomia@correounivalle.edu.co<\/a><\/p>\n<p>Tel: 3212100 Ext (2360 \u2013 3176)<\/p>\n<p>Fuente: Agencia de Noticias Univalle<\/p>\n","protected":false},"excerpt":{"rendered":"<p>Desde el lunes 27 de noviembre y hasta el s\u00e1bado 2 de diciembre se realizar\u00e1 la Escuela de Estudios Avanzados \u2013 Di\u00e1logos \u00c9tnico-Raciales: \u00c1frica, Am\u00e9rica, Europa organizada por el Grupo de Investigaci\u00f3n de Estudios \u00c9tnico Raciales y del Trabajo en sus Diferentes Componentes Sociales El grupo de investigaci\u00f3n est\u00e1 adscrito[&#8230;]<\/p>\n","protected":false},"author":1,"featured_media":19457,"comment_status":"open","ping_status":"open","sticky":false,"template":"","format":"standard","meta":{"footnotes":""},"categories":[4],"tags":[],"_links":{"self":[{"href":"https:\/\/emisora.univalle.edu.co\/index.php\/wp-json\/wp\/v2\/posts\/19452"}],"collection":[{"href":"https:\/\/emisora.univalle.edu.co\/index.php\/wp-json\/wp\/v2\/posts"}],"about":[{"href":"https:\/\/emisora.univalle.edu.co\/index.php\/wp-json\/wp\/v2\/types\/post"}],"author":[{"embeddable":true,"href":"https:\/\/emisora.univalle.edu.co\/index.php\/wp-json\/wp\/v2\/users\/1"}],"replies":[{"embeddable":true,"href":"https:\/\/emisora.univalle.edu.co\/index.php\/wp-json\/wp\/v2\/comments?post=19452"}],"version-history":[{"count":1,"href":"https:\/\/emisora.univalle.edu.co\/index.php\/wp-json\/wp\/v2\/posts\/19452\/revisions"}],"predecessor-version":[{"id":19462,"href":"https:\/\/emisora.univalle.edu.co\/index.php\/wp-json\/wp\/v2\/posts\/19452\/revisions\/19462"}],"wp:featuredmedia":[{"embeddable":true,"href":"https:\/\/emisora.univalle.edu.co\/index.php\/wp-json\/wp\/v2\/media\/19457"}],"wp:attachment":[{"href":"https:\/\/emisora.univalle.edu.co\/index.php\/wp-json\/wp\/v2\/media?parent=19452"}],"wp:term":[{"taxonomy":"category","embeddable":true,"href":"https:\/\/emisora.univalle.edu.co\/index.php\/wp-json\/wp\/v2\/categories?post=19452"},{"taxonomy":"post_tag","embeddable":true,"href":"https:\/\/emisora.univalle.edu.co\/index.php\/wp-json\/wp\/v2\/tags?post=19452"}],"curies":[{"name":"wp","href":"https:\/\/api.w.org\/{rel}","templated":true}]}}