{"id":19469,"date":"2017-11-27T14:58:19","date_gmt":"2017-11-27T19:58:19","guid":{"rendered":"https:\/\/emisora.univalle.edu.co\/?p=19469"},"modified":"2017-11-27T16:59:37","modified_gmt":"2017-11-27T21:59:37","slug":"evaluacion-y-ajuste-de-politica-publica-de-convivencia-familiar","status":"publish","type":"post","link":"https:\/\/emisora.univalle.edu.co\/index.php\/evaluacion-y-ajuste-de-politica-publica-de-convivencia-familiar\/","title":{"rendered":"Evaluaci\u00f3n y ajuste de pol\u00edtica p\u00fablica de convivencia familiar"},"content":{"rendered":"<p>La Universidad del Valle, a trav\u00e9s de la Escuela de Trabajo Social y Desarrollo Humano realizar\u00e1 la evaluaci\u00f3n y ajuste de la pol\u00edtica p\u00fablica de convivencia familiar en la ciudad de Cali.<\/p>\n<p>La Universidad del Valle a trav\u00e9s de la Escuela de Trabajo Social y Desarrollo Humano ser\u00e1 la responsable de la ejecuci\u00f3n del proyecto de evaluaci\u00f3n y ajuste de la Pol\u00edtica P\u00fablica de Convivencia Familiar del municipio de Santiago de Cali.<\/p>\n<p>Cali es el primero y \u00fanico municipio de Colombia en contar con una pol\u00edtica p\u00fablica de convivencia familiar, que fue aprobada mediante el acuerdo No. 0231 del 2007.<\/p>\n<p>Para la realizaci\u00f3n de la evaluaci\u00f3n, se tendr\u00e1n en cuenta los diferentes actores claves en el \u00e1mbito municipal, regional y nacional; se aplicar\u00e1n m\u00e1s de 500 encuestas, entrevistas a profundidad, grupos de discusi\u00f3n y encuentros con la poblaci\u00f3n de las 22 comunas y 15 corregimientos del municipio.<\/p>\n<p>Para esta evaluaci\u00f3n se trabajar\u00e1 articuladamente con las Organizaciones No Gubernamentales (ONG) que hacen presencia en el territorio y las Secretar\u00edas de la administraci\u00f3n municipal con competencia en los temas de dicha pol\u00edtica.<\/p>\n<p>Para el ajuste de la pol\u00edtica, adem\u00e1s de la evaluaci\u00f3n se realizan actividades como el III Seminario de Convivencia Familiar, que se realiz\u00f3 los d\u00edas 11 y 12 de diciembre de 2017, tambi\u00e9n se cuenta con grupos de expertos acad\u00e9micos, tanto de instituciones nacionales como locales, y de instituciones de educaci\u00f3n superior del municipio.<\/p>\n<p>El proyecto muestra el reconocimiento que tiene la universidad en el contexto local y regional, y se espera la participaci\u00f3n de miembros de la comunidad acad\u00e9mica en las actividades de este proceso.<\/p>\n<p>Fuente: <a href=\"http:\/\/www.univalle.edu.co\/talento-vallecaucano\/evaluacion-ajuste-politica-convivencia\/#\">Agencia de Noticias Univalle<\/a><\/p>\n","protected":false},"excerpt":{"rendered":"<p>La Universidad del Valle, a trav\u00e9s de la Escuela de Trabajo Social y Desarrollo Humano realizar\u00e1 la evaluaci\u00f3n y ajuste de la pol\u00edtica p\u00fablica de convivencia familiar en la ciudad de Cali. La Universidad del Valle a trav\u00e9s de la Escuela de Trabajo Social y Desarrollo Humano ser\u00e1 la responsable[&#8230;]<\/p>\n","protected":false},"author":1,"featured_media":19458,"comment_status":"open","ping_status":"open","sticky":false,"template":"","format":"standard","meta":{"footnotes":""},"categories":[4],"tags":[],"_links":{"self":[{"href":"https:\/\/emisora.univalle.edu.co\/index.php\/wp-json\/wp\/v2\/posts\/19469"}],"collection":[{"href":"https:\/\/emisora.univalle.edu.co\/index.php\/wp-json\/wp\/v2\/posts"}],"about":[{"href":"https:\/\/emisora.univalle.edu.co\/index.php\/wp-json\/wp\/v2\/types\/post"}],"author":[{"embeddable":true,"href":"https:\/\/emisora.univalle.edu.co\/index.php\/wp-json\/wp\/v2\/users\/1"}],"replies":[{"embeddable":true,"href":"https:\/\/emisora.univalle.edu.co\/index.php\/wp-json\/wp\/v2\/comments?post=19469"}],"version-history":[{"count":2,"href":"https:\/\/emisora.univalle.edu.co\/index.php\/wp-json\/wp\/v2\/posts\/19469\/revisions"}],"predecessor-version":[{"id":19471,"href":"https:\/\/emisora.univalle.edu.co\/index.php\/wp-json\/wp\/v2\/posts\/19469\/revisions\/19471"}],"wp:featuredmedia":[{"embeddable":true,"href":"https:\/\/emisora.univalle.edu.co\/index.php\/wp-json\/wp\/v2\/media\/19458"}],"wp:attachment":[{"href":"https:\/\/emisora.univalle.edu.co\/index.php\/wp-json\/wp\/v2\/media?parent=19469"}],"wp:term":[{"taxonomy":"category","embeddable":true,"href":"https:\/\/emisora.univalle.edu.co\/index.php\/wp-json\/wp\/v2\/categories?post=19469"},{"taxonomy":"post_tag","embeddable":true,"href":"https:\/\/emisora.univalle.edu.co\/index.php\/wp-json\/wp\/v2\/tags?post=19469"}],"curies":[{"name":"wp","href":"https:\/\/api.w.org\/{rel}","templated":true}]}}