{"id":19472,"date":"2017-11-27T15:00:29","date_gmt":"2017-11-27T20:00:29","guid":{"rendered":"https:\/\/emisora.univalle.edu.co\/?p=19472"},"modified":"2017-12-04T08:58:08","modified_gmt":"2017-12-04T13:58:08","slug":"egresados-de-estudios-politicos-de-univalle-lanzan-libros","status":"publish","type":"post","link":"https:\/\/emisora.univalle.edu.co\/index.php\/egresados-de-estudios-politicos-de-univalle-lanzan-libros\/","title":{"rendered":"Egresados de Estudios Pol\u00edticos de Univalle lanzan libros"},"content":{"rendered":"<p>El viernes primero de diciembre de 2017 ser\u00e1 el lanzamiento de los tres libros de Vera Grabe Lowewenherz, Dario Villamizar Herrera y Otty Pati\u00f1o Hormaza, egresados del Programa Acad\u00e9mico de Estudios Pol\u00edticos y Resoluci\u00f3n de Conflictos de la Universidad del Valle.<\/p>\n<p>El lanzamiento de los libros se har\u00e1 en un acto previsto para a las 6:30 p.m, en el auditorio Antonio J. Posada de la Facultad de Ciencias Sociales y Econ\u00f3micas del Campus de Mel\u00e9ndez.<\/p>\n<p>Durante el acto se presentar\u00e1 el libro \u201cLa Paz como revoluci\u00f3n \u2013M19\u201d de Vera Grabe Lowewenherz y ser\u00e1 comentado por el senador y presidente del partido Verde Jorge Iv\u00e1n Ospina.<\/p>\n<p>Vera Grave es antrop\u00f3loga y profesional en estudios pol\u00edticos y resoluci\u00f3n de conflictos. Fundadora y una de las l\u00edderes de la guerrilla del M19 en la que milit\u00f3 hasta el proceso de paz con ese grupo.<\/p>\n<p>En 1991 fue una de los veinte congresistas que resultaron elegidos por el movimiento pol\u00edtico Alianza Democr\u00e1tica M-19<\/p>\n<p>El libro \u201cLas Guerrillas en Colombia\u201d de Dario Villamizar Herrera, publicado por la Editorial Debate, refiere a los or\u00edgenes y confines de los movimientos guerrilleros en el pa\u00eds. El contexto de guerra fr\u00eda que las alent\u00f3, los momentos latinoamericanos que las vieron combatir, la influencia de Cuba, la de Estados Unidos, los di\u00e1logos y negociaciones, el salto a la pol\u00edtica. Villamizar concluye que alcanzaron su auge en los a\u00f1os 80 y que hoy \u201cpresenciamos lo que ser\u00eda el final del ciclo guerrillero en Am\u00e9rica Latina y el Caribe\u201d.<\/p>\n<p>El comentarista del libro es Miguel \u00c1ngel Reyes Sanabria, licenciado en historia y egresado del Programa de Estudios Pol\u00edticos y Resoluci\u00f3n de Conflictos.<\/p>\n<p>Otty Pati\u00f1o Hormaza es el autor del libro \u201cHistoria (privada) de la Violencia\u201d, de la Editorial Debate, que tambi\u00e9n se presentar\u00e1 este viernes primero de diciembre y ser\u00e1 comentado por Leonardo Pe\u00f1a Calder\u00f3n, escritor colombiano ganador del premio Casa de las Am\u00e9ricas, en el 2001, por su novela \u201csiempre es posible verlos pasar\u201d.<\/p>\n<p>Pati\u00f1o hizo parte de la Asamblea Nacional Constituyente, del comit\u00e9 editorial del noticiero AM\/PM y fue cofundador del Observatorio para la Paz. Fue director del Observatorio de Cultura de Bogot\u00e1.<\/p>\n<p>Fuente: <a href=\"http:\/\/www.univalle.edu.co\/arte-y-cultura\/egresados-lanzan-libros\/#\">Agencia de Noticias Univalle<\/a><\/p>\n","protected":false},"excerpt":{"rendered":"<p>El viernes primero de diciembre de 2017 ser\u00e1 el lanzamiento de los tres libros de Vera Grabe Lowewenherz, Dario Villamizar Herrera y Otty Pati\u00f1o Hormaza, egresados del Programa Acad\u00e9mico de Estudios Pol\u00edticos y Resoluci\u00f3n de Conflictos de la Universidad del Valle. El lanzamiento de los libros se har\u00e1 en un[&#8230;]<\/p>\n","protected":false},"author":1,"featured_media":19455,"comment_status":"open","ping_status":"open","sticky":false,"template":"","format":"standard","meta":{"footnotes":""},"categories":[4],"tags":[],"_links":{"self":[{"href":"https:\/\/emisora.univalle.edu.co\/index.php\/wp-json\/wp\/v2\/posts\/19472"}],"collection":[{"href":"https:\/\/emisora.univalle.edu.co\/index.php\/wp-json\/wp\/v2\/posts"}],"about":[{"href":"https:\/\/emisora.univalle.edu.co\/index.php\/wp-json\/wp\/v2\/types\/post"}],"author":[{"embeddable":true,"href":"https:\/\/emisora.univalle.edu.co\/index.php\/wp-json\/wp\/v2\/users\/1"}],"replies":[{"embeddable":true,"href":"https:\/\/emisora.univalle.edu.co\/index.php\/wp-json\/wp\/v2\/comments?post=19472"}],"version-history":[{"count":2,"href":"https:\/\/emisora.univalle.edu.co\/index.php\/wp-json\/wp\/v2\/posts\/19472\/revisions"}],"predecessor-version":[{"id":19474,"href":"https:\/\/emisora.univalle.edu.co\/index.php\/wp-json\/wp\/v2\/posts\/19472\/revisions\/19474"}],"wp:featuredmedia":[{"embeddable":true,"href":"https:\/\/emisora.univalle.edu.co\/index.php\/wp-json\/wp\/v2\/media\/19455"}],"wp:attachment":[{"href":"https:\/\/emisora.univalle.edu.co\/index.php\/wp-json\/wp\/v2\/media?parent=19472"}],"wp:term":[{"taxonomy":"category","embeddable":true,"href":"https:\/\/emisora.univalle.edu.co\/index.php\/wp-json\/wp\/v2\/categories?post=19472"},{"taxonomy":"post_tag","embeddable":true,"href":"https:\/\/emisora.univalle.edu.co\/index.php\/wp-json\/wp\/v2\/tags?post=19472"}],"curies":[{"name":"wp","href":"https:\/\/api.w.org\/{rel}","templated":true}]}}