{"id":19475,"date":"2017-11-27T16:01:56","date_gmt":"2017-11-27T21:01:56","guid":{"rendered":"https:\/\/emisora.univalle.edu.co\/?p=19475"},"modified":"2017-11-27T17:02:53","modified_gmt":"2017-11-27T22:02:53","slug":"revista-prospectiva-de-trabajo-social","status":"publish","type":"post","link":"https:\/\/emisora.univalle.edu.co\/index.php\/revista-prospectiva-de-trabajo-social\/","title":{"rendered":"Revista Prospectiva de Trabajo Social"},"content":{"rendered":"<p>Ya est\u00e1 disponible la edici\u00f3n 24 de \u201cProspectiva\u201d, revista de Trabajo Social e intervenci\u00f3n social de publicaci\u00f3n semestral, editada por la Universidad del Valle, desde 1994.<\/p>\n<p>Esta publicaci\u00f3n se interesa por el desarrollo del pensamiento social y del trabajo social contempor\u00e1neo, en particular el de Am\u00e9rica Latina, y por la difusi\u00f3n de conocimiento que aporte a procesos de transformaci\u00f3n social.<\/p>\n<p>Se dirige a acad\u00e9micos, profesionales y actores de la intervenci\u00f3n social. Publica art\u00edculos originales, en espa\u00f1ol e ingl\u00e9s, derivados de investigaci\u00f3n, incluida la sistematizaci\u00f3n de experiencias de las ciencias sociales y humanas, as\u00ed como reflexiones te\u00f3ricas del campo de lo social y, espec\u00edficamente, sobre Trabajo Social; tambi\u00e9n publica rese\u00f1as. La Revista es arbitrada por pares y hace recepci\u00f3n permanente de art\u00edculos.<\/p>\n<p>Estos son algunos de los art\u00edculos de esta edici\u00f3n:<\/p>\n<p>&#8211; Acuerdos y construcci\u00f3n de paz en Colombia: retos a la gobernabilidad y la cultura de paz por Adolfo Adri\u00e1n \u00c1lvarez-Rodr\u00edguez.<\/p>\n<p>&#8211; De la experiencia fenomenol\u00f3gica del conflicto armado hacia una experiencia significativa de la paz en el post acuerdo por Juan Guillermo Vel\u00e1squez-Arias.<\/p>\n<p>&#8211; \u00bfPaz positiva? o \u00bfpaz negativa? Reflexiones de l\u00edderes y lideresas v\u00edctimas del conflicto armado en Soacha, Colombia por Yuri Alicia Ch\u00e1vez-Plazas.<\/p>\n<p>&#8211; Retos y desaf\u00edos de la Educaci\u00f3n rural para ni\u00f1os y j\u00f3venes en escenarios de Construcci\u00f3n de Paz: una mirada desde lo local para la transformaci\u00f3n global por Diana Catalina Naranjo-Tamayo, Andr\u00e9s Carrero-Delgado.<\/p>\n<p>&#8211; Mujer rural y construcci\u00f3n de paz: temas, problemas y desaf\u00edos por Sandra Carolina Bautista-Bautista, Isabel Cristina Bedoya-Calvo<\/p>\n<p>A trav\u00e9s del siguiente enlace puede acceder al contenido de la publicaci\u00f3n dedicada al tema de la construcci\u00f3n de paz : <a href=\"https:\/\/goo.gl\/R65AYZ\">https:\/\/goo.gl\/R65AYZ<\/a><\/p>\n<p>Fuente: <a href=\"http:\/\/www.univalle.edu.co\/lo-que-pasa-en-la-u\/revista-prospectiva-trabajo-social\/#\">Agencia de Noticias Univalle<\/a><\/p>\n","protected":false},"excerpt":{"rendered":"<p>Ya est\u00e1 disponible la edici\u00f3n 24 de \u201cProspectiva\u201d, revista de Trabajo Social e intervenci\u00f3n social de publicaci\u00f3n semestral, editada por la Universidad del Valle, desde 1994. Esta publicaci\u00f3n se interesa por el desarrollo del pensamiento social y del trabajo social contempor\u00e1neo, en particular el de Am\u00e9rica Latina, y por la[&#8230;]<\/p>\n","protected":false},"author":1,"featured_media":19459,"comment_status":"open","ping_status":"open","sticky":false,"template":"","format":"standard","meta":{"footnotes":""},"categories":[4],"tags":[],"_links":{"self":[{"href":"https:\/\/emisora.univalle.edu.co\/index.php\/wp-json\/wp\/v2\/posts\/19475"}],"collection":[{"href":"https:\/\/emisora.univalle.edu.co\/index.php\/wp-json\/wp\/v2\/posts"}],"about":[{"href":"https:\/\/emisora.univalle.edu.co\/index.php\/wp-json\/wp\/v2\/types\/post"}],"author":[{"embeddable":true,"href":"https:\/\/emisora.univalle.edu.co\/index.php\/wp-json\/wp\/v2\/users\/1"}],"replies":[{"embeddable":true,"href":"https:\/\/emisora.univalle.edu.co\/index.php\/wp-json\/wp\/v2\/comments?post=19475"}],"version-history":[{"count":1,"href":"https:\/\/emisora.univalle.edu.co\/index.php\/wp-json\/wp\/v2\/posts\/19475\/revisions"}],"predecessor-version":[{"id":19476,"href":"https:\/\/emisora.univalle.edu.co\/index.php\/wp-json\/wp\/v2\/posts\/19475\/revisions\/19476"}],"wp:featuredmedia":[{"embeddable":true,"href":"https:\/\/emisora.univalle.edu.co\/index.php\/wp-json\/wp\/v2\/media\/19459"}],"wp:attachment":[{"href":"https:\/\/emisora.univalle.edu.co\/index.php\/wp-json\/wp\/v2\/media?parent=19475"}],"wp:term":[{"taxonomy":"category","embeddable":true,"href":"https:\/\/emisora.univalle.edu.co\/index.php\/wp-json\/wp\/v2\/categories?post=19475"},{"taxonomy":"post_tag","embeddable":true,"href":"https:\/\/emisora.univalle.edu.co\/index.php\/wp-json\/wp\/v2\/tags?post=19475"}],"curies":[{"name":"wp","href":"https:\/\/api.w.org\/{rel}","templated":true}]}}