{"id":19477,"date":"2017-11-27T17:13:56","date_gmt":"2017-11-27T22:13:56","guid":{"rendered":"https:\/\/emisora.univalle.edu.co\/?p=19477"},"modified":"2017-11-27T17:13:56","modified_gmt":"2017-11-27T22:13:56","slug":"ciclo-de-conferencias-sobre-cannabis-medicinal","status":"publish","type":"post","link":"https:\/\/emisora.univalle.edu.co\/index.php\/ciclo-de-conferencias-sobre-cannabis-medicinal\/","title":{"rendered":"Ciclo de conferencias sobre cannabis medicinal"},"content":{"rendered":"<p><a href=\"https:\/\/emisora.univalle.edu.co\/inicia-escuela-de-estudios-avanzados\/ciclo-de-conferencias\/\" rel=\"attachment wp-att-19453\"><img loading=\"lazy\" decoding=\"async\" class=\"size-full wp-image-19453 alignright\" src=\"https:\/\/emisora.univalle.edu.co\/wp-content\/uploads\/2017\/11\/ciclo-de-conferencias.jpg\" alt=\"\" width=\"400\" height=\"618\" srcset=\"https:\/\/emisora.univalle.edu.co\/wp-content\/uploads\/2017\/11\/ciclo-de-conferencias.jpg 400w, https:\/\/emisora.univalle.edu.co\/wp-content\/uploads\/2017\/11\/ciclo-de-conferencias-194x300.jpg 194w\" sizes=\"(max-width: 400px) 100vw, 400px\" \/><\/a>El \u00c1rea Cultural de la Divisi\u00f3n de Bibliotecas de la Universidad del Valle realizar\u00e1 el segundo ciclo de conferencias: \u201cLos usos medicinales, industriales y terap\u00e9uticos de la Cannabis\u201d, como el espacio para pensar y debatir, mediante conferencias, un taller de autocultivo y una muestra l\u00fadico-empresarial.<\/p>\n<p>El ciclo se realizar\u00e1 los d\u00edas 28 y 29 de noviembre y el 1 de diciembre, en el Auditorio \u00c1ngel Zapata de la Biblioteca Mario Carvajal y en la plazoleta de la ciudad universitaria.<\/p>\n<p>En los \u00faltimos a\u00f1os en Colombia se ha generado expectativa acerca de los posibles usos terap\u00e9uticos del cannabis y de algunos de sus derivados. Este inter\u00e9s se ha visto reforzado por su reciente comercializaci\u00f3n y las noticias aparecidas en los medios de comunicaci\u00f3n que han propiciado el debate entre aquellos que consideran esta planta una panacea universal para todos los males y quienes mantienen que el cannabis es una droga da\u00f1ina en cualquiera de sus formas y por tanto se debe prohibir su uso tanto recreacional como terap\u00e9utico.<\/p>\n<p>Y todo ello por el hecho de que el cannabis, al contrario que otras sustancias naturales que tambi\u00e9n poseen un potencial uso terap\u00e9utico, lleva asociado el estigma de su consumo l\u00fadico y su consideraci\u00f3n como droga de abuso.<\/p>\n<p><strong>Programaci\u00f3n<\/strong><\/p>\n<p>Ciclo \u201cLos usos medicinales, industriales y terap\u00e9uticos de la Cannabis\u201d<\/p>\n<p>Mi\u00e9rcoles 29 de noviembre &#8211; Auditorio \u00c1ngel Zapata<\/p>\n<p>4:00 p.m. \/ Conferencia: Los usos terap\u00e9uticos de la cannabis.<\/p>\n<p>Por Bryan kaleff Ospina Cuellar y Diego Alejandro Medina, estudiantes de Ingenier\u00eda agron\u00f3mica de la Universidad Nacional, sede Palmira. Integrantes del Grupo de Investigaci\u00f3n Unnabis de la Universidad Nacional.<\/p>\n<p>5:00 p.m. \/ Conferencia: El impacto medicinal del uso del cannabis en personas enfermas. Dra. Paola Pineda Villegas, mag\u00edster y especialista en derecho m\u00e9dico.<\/p>\n<p>Jueves 30 de noviembre &#8211; Auditorio \u00c1ngel Zapata<\/p>\n<p>4:00 p.m. \/ Conferencia: La zootecnia y la cannabis.<\/p>\n<p>Por Harold Andr\u00e9s Aguirre, estudiante de zootecnia de la Universidad Nacional.<\/p>\n<p>5:00 p.m. \/ Conferencia: La marihuana en la comunidad Rastafari<\/p>\n<p>Por. Amina Fiah, integrante de la comunidad Rastafari<\/p>\n<p>Viernes 1 de diciembre &#8211; Plazoleta de las Palmas<\/p>\n<p>12: 00 m &#8211; 6:00 p.m. \/ Feria cannabica. Un espacio para compartir, conocer, y exponer las empresas cann\u00e1bicas del pa\u00eds. Plazoleta de las Palmas, bajos de Biblioteca.<\/p>\n<p>Informes: Divisi\u00f3n de Bibliotecas &#8211; \u00c1rea Cultural<\/p>\n<p>3212955 -3212974 \u2013 3212950<\/p>\n<p>Fuente: <a href=\"http:\/\/www.univalle.edu.co\/salud\/cannabis-medicinal\/#\">Agencia de Noticias Univalle<\/a><\/p>\n","protected":false},"excerpt":{"rendered":"<p>El \u00c1rea Cultural de la Divisi\u00f3n de Bibliotecas de la Universidad del Valle realizar\u00e1 el segundo ciclo de conferencias: \u201cLos usos medicinales, industriales y terap\u00e9uticos de la Cannabis\u201d, como el espacio para pensar y debatir, mediante conferencias, un taller de autocultivo y una muestra l\u00fadico-empresarial. El ciclo se realizar\u00e1 los[&#8230;]<\/p>\n","protected":false},"author":1,"featured_media":19454,"comment_status":"open","ping_status":"open","sticky":false,"template":"","format":"standard","meta":{"footnotes":""},"categories":[4],"tags":[],"_links":{"self":[{"href":"https:\/\/emisora.univalle.edu.co\/index.php\/wp-json\/wp\/v2\/posts\/19477"}],"collection":[{"href":"https:\/\/emisora.univalle.edu.co\/index.php\/wp-json\/wp\/v2\/posts"}],"about":[{"href":"https:\/\/emisora.univalle.edu.co\/index.php\/wp-json\/wp\/v2\/types\/post"}],"author":[{"embeddable":true,"href":"https:\/\/emisora.univalle.edu.co\/index.php\/wp-json\/wp\/v2\/users\/1"}],"replies":[{"embeddable":true,"href":"https:\/\/emisora.univalle.edu.co\/index.php\/wp-json\/wp\/v2\/comments?post=19477"}],"version-history":[{"count":1,"href":"https:\/\/emisora.univalle.edu.co\/index.php\/wp-json\/wp\/v2\/posts\/19477\/revisions"}],"predecessor-version":[{"id":19478,"href":"https:\/\/emisora.univalle.edu.co\/index.php\/wp-json\/wp\/v2\/posts\/19477\/revisions\/19478"}],"wp:featuredmedia":[{"embeddable":true,"href":"https:\/\/emisora.univalle.edu.co\/index.php\/wp-json\/wp\/v2\/media\/19454"}],"wp:attachment":[{"href":"https:\/\/emisora.univalle.edu.co\/index.php\/wp-json\/wp\/v2\/media?parent=19477"}],"wp:term":[{"taxonomy":"category","embeddable":true,"href":"https:\/\/emisora.univalle.edu.co\/index.php\/wp-json\/wp\/v2\/categories?post=19477"},{"taxonomy":"post_tag","embeddable":true,"href":"https:\/\/emisora.univalle.edu.co\/index.php\/wp-json\/wp\/v2\/tags?post=19477"}],"curies":[{"name":"wp","href":"https:\/\/api.w.org\/{rel}","templated":true}]}}