{"id":19487,"date":"2017-11-28T17:27:59","date_gmt":"2017-11-28T22:27:59","guid":{"rendered":"https:\/\/emisora.univalle.edu.co\/?p=19487"},"modified":"2017-11-29T08:31:48","modified_gmt":"2017-11-29T13:31:48","slug":"avanza-el-i-foro-regional-catastro-multiproposito","status":"publish","type":"post","link":"https:\/\/emisora.univalle.edu.co\/index.php\/avanza-el-i-foro-regional-catastro-multiproposito\/","title":{"rendered":"Avanza el \u2018I Foro Regional Catastro Multiprop\u00f3sito\u2019"},"content":{"rendered":"<p>Un estimado del Departamento Nacional de Planeaci\u00f3n se\u00f1ala que \u00fanicamente el 21,4% del territorio colombiano se encuentra actualizado ante los registros de esta entidad; el 28,5% no posee informaci\u00f3n catastral y de lo que est\u00e1 censado, el 50,1% se encuentra desactualizado, lo que representa un promedio de 11,2 a\u00f1os de rezago en la obtenci\u00f3n de datos.<\/p>\n<p>As\u00ed lo dijo Sebasti\u00e1n Restrepo Rodr\u00edguez, asesor de la subdirecci\u00f3n del Departamento Nacional de Planeaci\u00f3n &#8211; DNP durante el \u2018I Foro Regional Catastro Multiprop\u00f3sito: el catastro multiprop\u00f3sito como herramienta de gesti\u00f3n y desarrollo regional\u2019, organizado por la Universidad del Valle y financiado por el DNP y el Banco Mundial. Este evento se extender\u00e1 hasta el 29 de noviembre, y contar\u00e1 con la participaci\u00f3n de acad\u00e9micos y expertos nacionales.<\/p>\n<p>El objetivo de este Foro es abrir un debate p\u00fablico que abordar\u00e1 la necesidad de una ley que contemple al Catastro Multiprop\u00f3sito como una herramienta que permita la administraci\u00f3n, gesti\u00f3n y gobernanza de las tierras rurales, partiendo desde la disposici\u00f3n y conocimiento real de la situaci\u00f3n de los predios y de sus sus tenedores, ocupantes, poseedores y propietarios de cara al posconflicto.<\/p>\n<p>Seg\u00fan lo planteado por Restrepo Rodr\u00edguez, de los 187 municipios m\u00e1s afectados por el conflicto armado interno colombiano 31 no tienen informaci\u00f3n catastral y 117 presentan informaci\u00f3n sin actualizar. \u201cAunque esto no se traduce en una relaci\u00f3n causa-efecto, es evidente que se necesita conocer este territorio para construir pol\u00edticas p\u00fablicas que contribuyan de la mejor manera posible\u201d, dijo el asesor del DNP.<\/p>\n<p>Para el representante del Departamento Nacional de Planeaci\u00f3n, el pa\u00eds tiene una fuerte necesidad de poseer informaci\u00f3n sobre la tierra, puesto que dentro de los efectos negativos de la informalidad se encuentran la facilidad para cometer despojos, desvalorizar la tierra, limitar el acceso a la oferta de programas estatales y desincentivar la inversi\u00f3n.<\/p>\n<p>\u201cSe estima que en Colombia el 59% de los predios rurales presentan problemas de seguridad debido a la informalidad de la tenencia: 21,45 % de la tierra se encuentra en manos de propietarios; 19,50% en poder de tenedores y 59,05% es de poseedores u ocupantes\u201d, explic\u00f3 Sebasti\u00e1n Restrepo, quien se\u00f1al\u00f3 que esta informaci\u00f3n se obtuvo con base en la Encuesta Nacional de Vida del a\u00f1o 2011, por lo que se desconocen las cifras actuales sobre el estado de propiedad de la tierra.<\/p>\n<p>Al \u2018I Foro Regional Catastro Multiprop\u00f3sito: el catastro multiprop\u00f3sito como herramienta de gesti\u00f3n y desarrollo regional\u2019 asistieron m\u00e1s de medio centenar de funcionarios de los muncipios del departamento del Valle del Cauca.<\/p>\n<p>Sebasti\u00e1n Restrepo asegur\u00f3 que el uso de la informaci\u00f3n obtenida por catastro es principalmente de orden fiscal: no hace un barrido completo de los predios; los o linderos son imprecisos; no existe coherencia con el registro de propiedad; no permite la interoperabilidad de varios sistemas, y lo que es m\u00e1s llamativo a\u00fan, no se actualiza la ficha catastral desde 1984.<\/p>\n<p>\u201cUn Catastro Multiprop\u00f3sito permite incorporar un barrido predial masivo; define linderos precisos; articula el catastro con el registro de la propiedad; permite la interoperabilidad de varios sistemas de informaci\u00f3n; Incorpora el est\u00e1ndar internacional de administraci\u00f3n de tierras y facilita la implementaci\u00f3n de los acuerdos de paz\u201d, argument\u00f3 el ponente.<\/p>\n<p>Fuente: <a href=\"http:\/\/www.univalle.edu.co\/lo-que-pasa-en-la-u\/catastro-multiproposito\/#\">Agencia de Noticias Univalle<\/a><\/p>\n","protected":false},"excerpt":{"rendered":"<p>Un estimado del Departamento Nacional de Planeaci\u00f3n se\u00f1ala que \u00fanicamente el 21,4% del territorio colombiano se encuentra actualizado ante los registros de esta entidad; el 28,5% no posee informaci\u00f3n catastral y de lo que est\u00e1 censado, el 50,1% se encuentra desactualizado, lo que representa un promedio de 11,2 a\u00f1os de[&#8230;]<\/p>\n","protected":false},"author":1,"featured_media":19483,"comment_status":"open","ping_status":"open","sticky":false,"template":"","format":"standard","meta":{"footnotes":""},"categories":[4],"tags":[],"_links":{"self":[{"href":"https:\/\/emisora.univalle.edu.co\/index.php\/wp-json\/wp\/v2\/posts\/19487"}],"collection":[{"href":"https:\/\/emisora.univalle.edu.co\/index.php\/wp-json\/wp\/v2\/posts"}],"about":[{"href":"https:\/\/emisora.univalle.edu.co\/index.php\/wp-json\/wp\/v2\/types\/post"}],"author":[{"embeddable":true,"href":"https:\/\/emisora.univalle.edu.co\/index.php\/wp-json\/wp\/v2\/users\/1"}],"replies":[{"embeddable":true,"href":"https:\/\/emisora.univalle.edu.co\/index.php\/wp-json\/wp\/v2\/comments?post=19487"}],"version-history":[{"count":2,"href":"https:\/\/emisora.univalle.edu.co\/index.php\/wp-json\/wp\/v2\/posts\/19487\/revisions"}],"predecessor-version":[{"id":19492,"href":"https:\/\/emisora.univalle.edu.co\/index.php\/wp-json\/wp\/v2\/posts\/19487\/revisions\/19492"}],"wp:featuredmedia":[{"embeddable":true,"href":"https:\/\/emisora.univalle.edu.co\/index.php\/wp-json\/wp\/v2\/media\/19483"}],"wp:attachment":[{"href":"https:\/\/emisora.univalle.edu.co\/index.php\/wp-json\/wp\/v2\/media?parent=19487"}],"wp:term":[{"taxonomy":"category","embeddable":true,"href":"https:\/\/emisora.univalle.edu.co\/index.php\/wp-json\/wp\/v2\/categories?post=19487"},{"taxonomy":"post_tag","embeddable":true,"href":"https:\/\/emisora.univalle.edu.co\/index.php\/wp-json\/wp\/v2\/tags?post=19487"}],"curies":[{"name":"wp","href":"https:\/\/api.w.org\/{rel}","templated":true}]}}