{"id":19495,"date":"2017-11-29T15:04:22","date_gmt":"2017-11-29T20:04:22","guid":{"rendered":"https:\/\/emisora.univalle.edu.co\/?p=19495"},"modified":"2017-11-29T15:04:22","modified_gmt":"2017-11-29T20:04:22","slug":"escribir-en-el-pacifico","status":"publish","type":"post","link":"https:\/\/emisora.univalle.edu.co\/index.php\/escribir-en-el-pacifico\/","title":{"rendered":"Escribir en el Pac\u00edfico"},"content":{"rendered":"<p>Tomado del diario El Tiempo.<\/p>\n<p>Por Fabio Mart\u00ednez.<\/p>\n<p>El Pac\u00edfico no es solo violencia y exclusi\u00f3n. Es tambi\u00e9n m\u00fasica, ecolog\u00eda, gastronom\u00eda y poes\u00eda.<\/p>\n<p>En los \u00faltimos a\u00f1os, el Pac\u00edfico ha estado en el ojo del hurac\u00e1n debido a la guerra de la coca que se ha librado desde hace d\u00e9cadas. Pero esta regi\u00f3n, rica por su gente y su biodiversidad, no se puede reducir a la historia de la infamia que ah\u00ed han creado los grupos armados al margen de la ley.<\/p>\n<p>Desde el siglo antepasado, cuando este vasto territorio pertenec\u00eda al Estado Soberano del Cauca, fue importante para las compa\u00f1\u00edas extranjeras que desembarcaban ah\u00ed para extraer oro y platino.<\/p>\n<p>Desde que llegaron Pascual de Andagoya y Juan Ladrilleros, el Pac\u00edfico ha sido v\u00edctima de una pol\u00edtica de extracci\u00f3n, la cual ha producido una fractura social entre el puerto y la ciudad.<\/p>\n<p>En estas condiciones han debido crear los escritores del Pac\u00edfico. Como el caso de las escritoras que recientemente fueron excluidas de representar al pa\u00eds en Francia, los escritores del Pac\u00edfico han tenido que escribir desde el olvido y la resistencia.<\/p>\n<p>\u00abPor su parte, Buenaventura ha sido recreada literariamente por cuentistas y novelistas que nacieron o vivieron all\u00ed, logrando establecer una s\u00f3lida literatura porte\u00f1a.\u00bb<\/p>\n<p>La literatura de esa regi\u00f3n comienza con dos ensayistas y dos narradores: Sofon\u00edas Yacup, quien fue representante a la C\u00e1mara y realiz\u00f3 en 1934 el primer estudio socioecon\u00f3mico sobre el Pac\u00edfico, titulado \u2018Litoral rec\u00f3ndito\u2019, y el etn\u00f3logo Rogerio Vel\u00e1squez, autor varios estudios hist\u00f3ricos sobre el Choc\u00f3 y de la novela \u2018Las memorias del odio\u2019, que trata sobre el ajusticiamiento del negro Manuel Saturio Valencia llevado a cabo en Quibd\u00f3.<\/p>\n<p>En 1948, Arnoldo Palacios public\u00f3 la novela \u2018Las estrellas son negras\u2019, y Carlos Arturo Truque, en 1973, en una edici\u00f3n p\u00f3stuma, dio a la luz su libro de cuentos \u2018El d\u00eda que termin\u00f3 el verano y otros cuentos\u2019.<\/p>\n<p>Por su parte, Buenaventura ha sido recreada literariamente por cuentistas y novelistas que nacieron o vivieron all\u00ed, logrando establecer una s\u00f3lida literatura porte\u00f1a que viene de los relatos de \u00d3scar Collazos, Moro Manzi y \u00d3scar Olarte y de las novelas de Enrique Cabezas Rher, Medardo Arias, Alfredo Van\u00edn y William Vega.<\/p>\n<p>Como Buenaventura, Tumaco no ha sido ajena a esta ola literaria que comenz\u00f3 con el cuentista Guillermo Pay\u00e1n Archer, corresponsal de la revista \u2018Visi\u00f3n\u2019 y columnista de EL TIEMPO y \u2018El Espectador\u2019, la novelista Ligia Vonblon y el cuentista \u00d3scar Seidel.<\/p>\n<p>El Pac\u00edfico colombiano no es solo violencia y exclusi\u00f3n. Es tambi\u00e9n m\u00fasica, ecolog\u00eda, gastronom\u00eda y poes\u00eda. Esta \u00faltima representada, ente otros, por el poeta del mar Helc\u00edas Mart\u00e1n G\u00f3ngora, Mary Grueso, Elcina Valencia, Mar\u00eda Teresa Ram\u00edrez, An\u00edbal Arias y Hernando Revelo.<\/p>\n<p>Fuente:<a href=\"http:\/\/www.univalle.edu.co\/arte-y-cultura\/escribir-pacifico\/#\"> Agencia de Noticias Univalle<\/a><\/p>\n","protected":false},"excerpt":{"rendered":"<p>Tomado del diario El Tiempo. Por Fabio Mart\u00ednez. El Pac\u00edfico no es solo violencia y exclusi\u00f3n. Es tambi\u00e9n m\u00fasica, ecolog\u00eda, gastronom\u00eda y poes\u00eda. En los \u00faltimos a\u00f1os, el Pac\u00edfico ha estado en el ojo del hurac\u00e1n debido a la guerra de la coca que se ha librado desde hace d\u00e9cadas.[&#8230;]<\/p>\n","protected":false},"author":1,"featured_media":19497,"comment_status":"open","ping_status":"open","sticky":false,"template":"","format":"standard","meta":{"footnotes":""},"categories":[4],"tags":[],"_links":{"self":[{"href":"https:\/\/emisora.univalle.edu.co\/index.php\/wp-json\/wp\/v2\/posts\/19495"}],"collection":[{"href":"https:\/\/emisora.univalle.edu.co\/index.php\/wp-json\/wp\/v2\/posts"}],"about":[{"href":"https:\/\/emisora.univalle.edu.co\/index.php\/wp-json\/wp\/v2\/types\/post"}],"author":[{"embeddable":true,"href":"https:\/\/emisora.univalle.edu.co\/index.php\/wp-json\/wp\/v2\/users\/1"}],"replies":[{"embeddable":true,"href":"https:\/\/emisora.univalle.edu.co\/index.php\/wp-json\/wp\/v2\/comments?post=19495"}],"version-history":[{"count":1,"href":"https:\/\/emisora.univalle.edu.co\/index.php\/wp-json\/wp\/v2\/posts\/19495\/revisions"}],"predecessor-version":[{"id":19498,"href":"https:\/\/emisora.univalle.edu.co\/index.php\/wp-json\/wp\/v2\/posts\/19495\/revisions\/19498"}],"wp:featuredmedia":[{"embeddable":true,"href":"https:\/\/emisora.univalle.edu.co\/index.php\/wp-json\/wp\/v2\/media\/19497"}],"wp:attachment":[{"href":"https:\/\/emisora.univalle.edu.co\/index.php\/wp-json\/wp\/v2\/media?parent=19495"}],"wp:term":[{"taxonomy":"category","embeddable":true,"href":"https:\/\/emisora.univalle.edu.co\/index.php\/wp-json\/wp\/v2\/categories?post=19495"},{"taxonomy":"post_tag","embeddable":true,"href":"https:\/\/emisora.univalle.edu.co\/index.php\/wp-json\/wp\/v2\/tags?post=19495"}],"curies":[{"name":"wp","href":"https:\/\/api.w.org\/{rel}","templated":true}]}}