{"id":19499,"date":"2017-11-29T15:43:19","date_gmt":"2017-11-29T20:43:19","guid":{"rendered":"https:\/\/emisora.univalle.edu.co\/?p=19499"},"modified":"2017-12-11T13:59:37","modified_gmt":"2017-12-11T18:59:37","slug":"configuraciones-culturales-en-la-universidad","status":"publish","type":"post","link":"https:\/\/emisora.univalle.edu.co\/index.php\/configuraciones-culturales-en-la-universidad\/","title":{"rendered":"Configuraciones culturales en la universidad"},"content":{"rendered":"<p>Como parte del proyecto \u201cDise\u00f1o e implementaci\u00f3n de la Pol\u00edtica Cultural de la Universidad del Valle\u201d, seguimos generando espacios de encuentro, di\u00e1logo y construcci\u00f3n colectiva. A partir de lo cual, se invita a toda la comunidad universitaria a participar de la conferencia Configuraciones culturales en la universidad, el lunes 4 de diciembre, en el Sala Baena, Escuela de Ciencias del Lenguaje, Campus de Mel\u00e9ndez, de 9:00 a.m. a 11:00 m. Entrada libre.<\/p>\n<p>La conferencista es la docente de la Universidad del Cauca Teresa Elizabeth Mu\u00f1oz \u00d1\u00e1\u00f1ez, conocida como Paloma Mu\u00f1oz,<\/p>\n<p>Paloma Mu\u00f1oz es licenciada en m\u00fasica, egresada de la Universidad del Cauca, Especialista en Gerencia y Gesti\u00f3n Cultural de la Universidad del Rosario, magister en educaci\u00f3n y desarrollo humano de la Universidad de Manizales y Doctora (Ph.D.) en Antropolog\u00eda de la Universidad del Cauca.<\/p>\n<p>Ha ocupado los cargos vicerrectora de Cultura y bienestar, rectora (E) y Jefe del Departamento de Educaci\u00f3n y Pedagog\u00eda. Es Directora del grupo de investigaci\u00f3n de Educaci\u00f3n Art\u00edstica. Los temas de investigaci\u00f3n y publicaciones han girado en torno a las m\u00fasicas tradicionales y populares del suroccidente colombiano, con particular \u00e9nfasis en aspectos de educaci\u00f3n, etnicidad y consumo cultural.<\/p>\n<p>Buscando generar espacios para el aprendizaje, di\u00e1logo y construcci\u00f3n alrededor de la formulaci\u00f3n de la pol\u00edtica cultural para la Universidad del Valle, extendemos la invitaci\u00f3n a la comunidad universitaria en general a asistir a esta conferencia.<\/p>\n<p>Se transmitir\u00e1 v\u00eda streaming. En enlace: <a href=\"https:\/\/youtu.be\/vD1hC5XS6HQ\">https:\/\/youtu.be\/vD1hC5XS6HQ<\/a><\/p>\n<p>Fuente: <a href=\"http:\/\/www.univalle.edu.co\/arte-y-cultura\/configuraciones-culturales\/#\">Agencia de Noticias Univalle<\/a><\/p>\n","protected":false},"excerpt":{"rendered":"<p>Como parte del proyecto \u201cDise\u00f1o e implementaci\u00f3n de la Pol\u00edtica Cultural de la Universidad del Valle\u201d, seguimos generando espacios de encuentro, di\u00e1logo y construcci\u00f3n colectiva. A partir de lo cual, se invita a toda la comunidad universitaria a participar de la conferencia Configuraciones culturales en la universidad, el lunes 4[&#8230;]<\/p>\n","protected":false},"author":1,"featured_media":19496,"comment_status":"open","ping_status":"open","sticky":false,"template":"","format":"standard","meta":{"footnotes":""},"categories":[4],"tags":[],"_links":{"self":[{"href":"https:\/\/emisora.univalle.edu.co\/index.php\/wp-json\/wp\/v2\/posts\/19499"}],"collection":[{"href":"https:\/\/emisora.univalle.edu.co\/index.php\/wp-json\/wp\/v2\/posts"}],"about":[{"href":"https:\/\/emisora.univalle.edu.co\/index.php\/wp-json\/wp\/v2\/types\/post"}],"author":[{"embeddable":true,"href":"https:\/\/emisora.univalle.edu.co\/index.php\/wp-json\/wp\/v2\/users\/1"}],"replies":[{"embeddable":true,"href":"https:\/\/emisora.univalle.edu.co\/index.php\/wp-json\/wp\/v2\/comments?post=19499"}],"version-history":[{"count":1,"href":"https:\/\/emisora.univalle.edu.co\/index.php\/wp-json\/wp\/v2\/posts\/19499\/revisions"}],"predecessor-version":[{"id":19500,"href":"https:\/\/emisora.univalle.edu.co\/index.php\/wp-json\/wp\/v2\/posts\/19499\/revisions\/19500"}],"wp:featuredmedia":[{"embeddable":true,"href":"https:\/\/emisora.univalle.edu.co\/index.php\/wp-json\/wp\/v2\/media\/19496"}],"wp:attachment":[{"href":"https:\/\/emisora.univalle.edu.co\/index.php\/wp-json\/wp\/v2\/media?parent=19499"}],"wp:term":[{"taxonomy":"category","embeddable":true,"href":"https:\/\/emisora.univalle.edu.co\/index.php\/wp-json\/wp\/v2\/categories?post=19499"},{"taxonomy":"post_tag","embeddable":true,"href":"https:\/\/emisora.univalle.edu.co\/index.php\/wp-json\/wp\/v2\/tags?post=19499"}],"curies":[{"name":"wp","href":"https:\/\/api.w.org\/{rel}","templated":true}]}}