{"id":19508,"date":"2017-11-30T14:54:52","date_gmt":"2017-11-30T19:54:52","guid":{"rendered":"https:\/\/emisora.univalle.edu.co\/?p=19508"},"modified":"2017-12-04T08:56:51","modified_gmt":"2017-12-04T13:56:51","slug":"foro-sobre-acueducto-y-saneamiento-basico-de-emcali","status":"publish","type":"post","link":"https:\/\/emisora.univalle.edu.co\/index.php\/foro-sobre-acueducto-y-saneamiento-basico-de-emcali\/","title":{"rendered":"Foro sobre acueducto y saneamiento b\u00e1sico de Emcali"},"content":{"rendered":"<p>El Instituto de Prospectiva, Innovaci\u00f3n y Gesti\u00f3n del Conocimiento de la Universidad del Valle invita al foro \u201cAcueducto y saneamiento b\u00e1sico\u201d, que se realizar\u00e1 este viernes 01 de diciembre, a partir de las 8:00 a.m., en el Auditorio Diego Israel Delgadillo del Campus de San Fernando.<\/p>\n<p>Este foro hace parte del proyecto de Co-construcci\u00f3n del Plan Estrat\u00e9gico Emcali 2018-2023, asesorado por el Instituto de Prospectiva. El proceso que inici\u00f3 en octubre, se ha desarrollado mediante un modelo participativo con equipos de trabajo integrados por funcionarios de la empresa y acad\u00e9micos de la Universidad.<\/p>\n<p>En este foro participar\u00e1n reconocidos expertos e investigadores que plantear\u00e1n una serie de reflexiones y consideraciones sobre el uso eficiente del agua, tendencias cient\u00edficas y administrativas, entre otras.<\/p>\n<p>La metodolog\u00eda propuesta incluye tambi\u00e9n la realizaci\u00f3n de tres foros cuyo objetivo es generar un espacio de interacci\u00f3n con los grupos de valor en el que se expongan las tendencias, nuevos negocios, desarrollos tecnol\u00f3gicos y regulaci\u00f3n de cada una de las unidades estrat\u00e9gicas de negocio de Emcali, as\u00ed como las ideas y posibles soluciones a sus planteamientos.<\/p>\n<p>Los pasados 23 y 24 de noviembre se realizaron los foros sobre Energ\u00eda y Telecomunicaciones, respectivamente. Esta es una valiosa oportunidad para ser parte de la Co-Construcci\u00f3n de este plan, interactuando con expertos que ofrecer\u00e1n lo mejor de sus estudios y experiencia profesional.<\/p>\n<p><a href=\"https:\/\/drive.google.com\/file\/d\/0B7dKVO0ahyE3cnU5LUN5RmhDZ01nRV9lMTU5bTJXS205YmNF\/view\">Ver programaci\u00f3n<\/a><\/p>\n<p>Fuente: <a href=\"http:\/\/www.univalle.edu.co\/lo-que-pasa-en-la-u\/foro-acueducto-saneamiento-emcali\/#\">Agencia de Noticias Univalle<\/a><\/p>\n","protected":false},"excerpt":{"rendered":"<p>El Instituto de Prospectiva, Innovaci\u00f3n y Gesti\u00f3n del Conocimiento de la Universidad del Valle invita al foro \u201cAcueducto y saneamiento b\u00e1sico\u201d, que se realizar\u00e1 este viernes 01 de diciembre, a partir de las 8:00 a.m., en el Auditorio Diego Israel Delgadillo del Campus de San Fernando. Este foro hace parte[&#8230;]<\/p>\n","protected":false},"author":1,"featured_media":19509,"comment_status":"open","ping_status":"open","sticky":false,"template":"","format":"standard","meta":{"footnotes":""},"categories":[4],"tags":[],"_links":{"self":[{"href":"https:\/\/emisora.univalle.edu.co\/index.php\/wp-json\/wp\/v2\/posts\/19508"}],"collection":[{"href":"https:\/\/emisora.univalle.edu.co\/index.php\/wp-json\/wp\/v2\/posts"}],"about":[{"href":"https:\/\/emisora.univalle.edu.co\/index.php\/wp-json\/wp\/v2\/types\/post"}],"author":[{"embeddable":true,"href":"https:\/\/emisora.univalle.edu.co\/index.php\/wp-json\/wp\/v2\/users\/1"}],"replies":[{"embeddable":true,"href":"https:\/\/emisora.univalle.edu.co\/index.php\/wp-json\/wp\/v2\/comments?post=19508"}],"version-history":[{"count":1,"href":"https:\/\/emisora.univalle.edu.co\/index.php\/wp-json\/wp\/v2\/posts\/19508\/revisions"}],"predecessor-version":[{"id":19510,"href":"https:\/\/emisora.univalle.edu.co\/index.php\/wp-json\/wp\/v2\/posts\/19508\/revisions\/19510"}],"wp:featuredmedia":[{"embeddable":true,"href":"https:\/\/emisora.univalle.edu.co\/index.php\/wp-json\/wp\/v2\/media\/19509"}],"wp:attachment":[{"href":"https:\/\/emisora.univalle.edu.co\/index.php\/wp-json\/wp\/v2\/media?parent=19508"}],"wp:term":[{"taxonomy":"category","embeddable":true,"href":"https:\/\/emisora.univalle.edu.co\/index.php\/wp-json\/wp\/v2\/categories?post=19508"},{"taxonomy":"post_tag","embeddable":true,"href":"https:\/\/emisora.univalle.edu.co\/index.php\/wp-json\/wp\/v2\/tags?post=19508"}],"curies":[{"name":"wp","href":"https:\/\/api.w.org\/{rel}","templated":true}]}}