{"id":19522,"date":"2017-12-01T18:13:08","date_gmt":"2017-12-01T23:13:08","guid":{"rendered":"https:\/\/emisora.univalle.edu.co\/?p=19522"},"modified":"2017-12-04T09:14:28","modified_gmt":"2017-12-04T14:14:28","slug":"vicerrectora-academica-recibe-medalla-al-merito-solidario","status":"publish","type":"post","link":"https:\/\/emisora.univalle.edu.co\/index.php\/vicerrectora-academica-recibe-medalla-al-merito-solidario\/","title":{"rendered":"Vicerrectora acad\u00e9mica recibe Medalla al M\u00e9rito Solidario"},"content":{"rendered":"<p>Por su liderazgo, sus m\u00e9ritos cient\u00edficos y acad\u00e9micos, su don de gentes y su compromiso con la comunidad, la vicerrectora acad\u00e9mica de la Universidad del Valle Liliana Arias Castillo recibi\u00f3 la Medalla al M\u00e9rito Solidario Seney Salazar Torres de parte del Fondo de Empleados M\u00e9dicos de Colombia Prom\u00e9dico.<\/p>\n<p>La medalla fue entregada en un acto realizado este jueves 30 de noviembre, en las instalaciones de Prom\u00e9dico.<\/p>\n<p>\u201cRecibir esta medalla es un compromiso muy grande porque Prom\u00e9dico es un fondo que agremia a cerca de 11 m\u00e9dicos del pa\u00eds. Esta exaltaci\u00f3n es un honor porque viene de los mismos pares, ya que valoran lo que ha sido mi camino de vida y las diferentes actividades y ejecutor\u00edas que he realizado dentro de y para la profesi\u00f3n\u201d, mencion\u00f3 la vicerrectora Liliana Arias Castillo.<\/p>\n<p>\u201cEs una l\u00edder nata, siempre ha demostrado su capacidad para sacar adelante muchos proyectos. Ella fue escogida para recibir esta medalla por sus caracter\u00edsticas profesionales\u201d, destac\u00f3 el m\u00e9dico Pedro Jos\u00e9 Villamizar Beltr\u00e1n, presidente de la Junta Directiva de Prom\u00e9dico, quien adem\u00e1s resalt\u00f3 la entrega y el aporte que la vicerrectora Arias Castillo ha realizado a lo largo de su carrera profesional.<\/p>\n<p>Fuente: Agencia de Noticias Univalle<\/p>\n","protected":false},"excerpt":{"rendered":"<p>Por su liderazgo, sus m\u00e9ritos cient\u00edficos y acad\u00e9micos, su don de gentes y su compromiso con la comunidad, la vicerrectora acad\u00e9mica de la Universidad del Valle Liliana Arias Castillo recibi\u00f3 la Medalla al M\u00e9rito Solidario Seney Salazar Torres de parte del Fondo de Empleados M\u00e9dicos de Colombia Prom\u00e9dico. La medalla[&#8230;]<\/p>\n","protected":false},"author":1,"featured_media":19526,"comment_status":"open","ping_status":"open","sticky":false,"template":"","format":"standard","meta":{"footnotes":""},"categories":[4],"tags":[],"_links":{"self":[{"href":"https:\/\/emisora.univalle.edu.co\/index.php\/wp-json\/wp\/v2\/posts\/19522"}],"collection":[{"href":"https:\/\/emisora.univalle.edu.co\/index.php\/wp-json\/wp\/v2\/posts"}],"about":[{"href":"https:\/\/emisora.univalle.edu.co\/index.php\/wp-json\/wp\/v2\/types\/post"}],"author":[{"embeddable":true,"href":"https:\/\/emisora.univalle.edu.co\/index.php\/wp-json\/wp\/v2\/users\/1"}],"replies":[{"embeddable":true,"href":"https:\/\/emisora.univalle.edu.co\/index.php\/wp-json\/wp\/v2\/comments?post=19522"}],"version-history":[{"count":1,"href":"https:\/\/emisora.univalle.edu.co\/index.php\/wp-json\/wp\/v2\/posts\/19522\/revisions"}],"predecessor-version":[{"id":19527,"href":"https:\/\/emisora.univalle.edu.co\/index.php\/wp-json\/wp\/v2\/posts\/19522\/revisions\/19527"}],"wp:featuredmedia":[{"embeddable":true,"href":"https:\/\/emisora.univalle.edu.co\/index.php\/wp-json\/wp\/v2\/media\/19526"}],"wp:attachment":[{"href":"https:\/\/emisora.univalle.edu.co\/index.php\/wp-json\/wp\/v2\/media?parent=19522"}],"wp:term":[{"taxonomy":"category","embeddable":true,"href":"https:\/\/emisora.univalle.edu.co\/index.php\/wp-json\/wp\/v2\/categories?post=19522"},{"taxonomy":"post_tag","embeddable":true,"href":"https:\/\/emisora.univalle.edu.co\/index.php\/wp-json\/wp\/v2\/tags?post=19522"}],"curies":[{"name":"wp","href":"https:\/\/api.w.org\/{rel}","templated":true}]}}