{"id":19536,"date":"2017-12-04T14:30:27","date_gmt":"2017-12-04T19:30:27","guid":{"rendered":"https:\/\/emisora.univalle.edu.co\/?p=19536"},"modified":"2017-12-06T09:30:32","modified_gmt":"2017-12-06T14:30:32","slug":"ciclo-de-conferencias-sobre-prospectiva-e-innovacion","status":"publish","type":"post","link":"https:\/\/emisora.univalle.edu.co\/index.php\/ciclo-de-conferencias-sobre-prospectiva-e-innovacion\/","title":{"rendered":"Ciclo de conferencias sobre Prospectiva e Innovaci\u00f3n"},"content":{"rendered":"<p>Expertos y acad\u00e9micos de Argentina, Ecuador, Per\u00fa y Uruguay se reunir\u00e1n durante el ciclo de conferencias sobre Prospectiva e Innovaci\u00f3n, que se llevar\u00e1 a cabo este jueves 7 de diciembre, en el Auditorio Diego Delgadillo de la Facultad de Administraci\u00f3n, a las 8:30 am.<\/p>\n<p>Este ciclo es organizado por el Instituto de Prospectiva con el apoyo de la red de Prospectiva del Programa Iberoamericano de Ciencia y Tecnolog\u00eda para el Desarrollo &#8211; CYTED.<\/p>\n<p>Cyted fue creado en 1984 por los gobiernos de los pa\u00edses iberoamericanos para promover la cooperaci\u00f3n en temas de ciencia, tecnolog\u00eda e innovaci\u00f3n para el desarrollo arm\u00f3nico de la regi\u00f3n. Las redes tem\u00e1ticas del CYTED son mecanismos de cooperaci\u00f3n que buscan resultados cient\u00edficos y tecnol\u00f3gicos transferibles a los sistemas productivos y a las pol\u00edticas sociales. Los beneficiarios de los instrumentos de financiamiento de CYTED pueden ser universidades, centros de I+D y empresas innovadoras de los pa\u00edses miembros.<\/p>\n<p>La Red de Prospectiva del CYTED tiene como objetivo principal contribuir a la consolidaci\u00f3n de la comunidad prospectiva de Am\u00e9rica Latina y el Caribe, y a su posicionamiento estrat\u00e9gico en los \u00e1mbitos de toma de decisi\u00f3n para sustentar pol\u00edticas p\u00fablicas y orientar acciones de la sociedad civil organizada y el empresariado, vinculando org\u00e1nicamente Estado-Sociedad-Mercado.<\/p>\n<p>Participantes<\/p>\n<p><strong>Alejandro Vitale Guti\u00e9rrez<\/strong> (Argentina). Licenciado en Ciencia Pol\u00edtica y Administraci\u00f3n P\u00fablica en la Facultad de Ciencias Pol\u00edticas y Sociales de la Universidad Nacional de Cuyo. Curs\u00f3 estudios de Posgrado en la Facultad Latinoam\u00e9rica de Ciencias Sociales (Argentina) donde realiz\u00f3 el Diplomado en Gobernabilidad y Construcci\u00f3n de Escenarios Prospectivos. Trabaja en INTA desde 2004 como profesional de gesti\u00f3n externa. Actualmente se desempe\u00f1a como Facilitador del M\u00f3dulo de Observatorios Territoriales del Proyecto Din\u00e1mica y Prospectiva de los Territorios del Programa Nacional para el Desarrollo y la Sustentabilidad de los Territorios. Fue fundador y actual co-director del Centro de Estudios Prospectivos de la Facultad de Ciencias Pol\u00edticas y Sociales de la Universidad Nacional de Cuyo.<\/p>\n<p><strong>Carina Nalerio<\/strong> (Uruguay). Es arquitecta, Doctora en Geograf\u00eda, Ordenamiento Territorial y Urbanismo, recibida con honores en la Universit\u00e9 de la Sorbonne, Par\u00eds 3. Experta asociada a Futuribles International, mantiene un v\u00ednculo fluido con las instituciones francesas. Ha realizado en Uruguay, Argentina y Francia m\u00e1s de 20 prospectivas de envergadura, en asociaciones p\u00fablico-privadas o como consultora independiente. Ense\u00f1\u00f3 en 5 Institutos Universitarios. Trabaja en el Estado uruguayo desarrollando la planificaci\u00f3n territorial y actualmente prospectiva sobre Industrias Creativas para la Estrategia Nacional de Desarrollo Uruguay 2050 en la Oficina de Planeaci\u00f3n y Presupuesto de la Presidencia de la Rep\u00fablica. Dirige el Laboratorio Transdisciplinar en Innovaci\u00f3n e Investigaci\u00f3n prospectiva. Es co-coordinadora de la Confederaci\u00f3n de Redes Prospectivas de Latinoam\u00e9rica y Caribe.<\/p>\n<p><strong>Omar Del Carpio Rodr\u00edguez<\/strong>, (Per\u00fa). Ingeniero en Industrias Alimentarias, Universidad Nacional Agraria de la Molina. Actualmente es gerente de Prospectiva y Gesti\u00f3n Estrat\u00e9gica &#8211; PROJECT-A MAS. Coordinador del Proyecto de Fortalecimiento de la Incubadora de Empresas de la Universidad Nacional Agraria La Molina. Coordinador de la red de Laboratorios de Prospectiva e Innovaci\u00f3n de la Confederaci\u00f3n Latinoamericana y Caribe\u00f1a de Redes de Prospectiva, en el marco del CYTED. Coordinador del Laboratorio de prospectiva, estrategia e innovaci\u00f3n 4SightLab. Ha sido responsable de actividades de Prospectiva e Inteligencia Competitiva en el Instituto Tecnol\u00f3gico de la Producci\u00f3n, CONCYTEC, el Programa Nacional de Diversificaci\u00f3n Productiva en PRODUCE, el Sistema Nacional de Evaluaci\u00f3n, Acreditaci\u00f3n y Certificaci\u00f3n de la Calidad Educativa (SINEACE), el Consorcio de Investigaci\u00f3n Econ\u00f3mica y Social (CIES) y el Centro Nacional de Planeamiento Estrat\u00e9gico \u2013 CEPLAN.<\/p>\n<p><strong>Jean Paul Pinto Morales<\/strong> (Ecuador). Ingeniero Comercial, Pontificia Universidad Cat\u00f3lica del Ecuador. Tiene una Maestr\u00eda en Marketing por la Universidad Capitole 1 de Toulouse, un Master en Sciences de Gestion (con enfoque en Prospectiva) por el CNAM de Par\u00eds y una Maestr\u00eda en Seguridad y Defensa por el Instituto de Altos Estudios Nacionales de Ecuador. Actualmente cursa el doctorado en Administraci\u00f3n en la Universidad del Valle. Es profesor en el Colegio de Administraci\u00f3n y Econom\u00eda, de la Universidad San Francisco de Quito. Ha sido docente de la Pontificia Universidad Cat\u00f3lica del Ecuador (PUCE), Universidad Central de Ecuador, Universidad T\u00e9cnica de Ambato, Universidad de las Am\u00e9ricas. Becario del Gobierno ecuatoriano (SENESCYT) 2008 y Becario del Gobierno franc\u00e9s (EGIDE) 2000. Pertenencia a la World Futures Studies Federation, Cap\u00edtulo Iberoamerica, la RIAP: Red Iberoamericana de Prospectiva y Vigilancia Tecnol\u00f3gica, y la Red de Convergencias Tecnol\u00f3gicas del Brasil.<\/p>\n<p><strong>Javier Medina V\u00e1squez<\/strong>, Universidad del Valle, Colombia. Doctor en Ciencias Sociales (Pontifica Universidad Gregoriana de Roma, 2001). Mag\u00edster en Administraci\u00f3n de Empresas (Universidad del Valle, Cali, 1997). Psic\u00f3logo (Universidad del Valle, Cali, 1992). Profesor Titular en Universidad del Valle (1993-2017). Ex Vicerrector de Investigaciones (2016-2017). Fundador y Ex Director del Instituto de Prospectiva, Innovaci\u00f3n y Gesti\u00f3n del Conocimiento (2007-2012). Actualmente es Coordinador de la Red \u201cCreaci\u00f3n y consolidaci\u00f3n de la Confederaci\u00f3n Latinoamericana y Caribe\u00f1a de redes de Prospectiva &#8211; 2017-2020\u201d, Programa Iberoamericano de Ciencia y Tecnolog\u00eda para el Desarrollo &#8211; CYTED, SEGIB &#8211; cooperaci\u00f3n Iberoamericana. Profesor de los Cursos y Seminarios Internacionales del Instituto Latinoamericano y del Caribe de Planificaci\u00f3n Econ\u00f3mica y Social (ILPES), de la Comisi\u00f3n Econ\u00f3mica para Am\u00e9rica Latina (CEPAL), Naciones Unidas, Santiago de Chile.<\/p>\n<p><a href=\"https:\/\/docs.google.com\/document\/d\/1teEh6xrsFdDsSRRw6T5LjitVxi1V_Bs7RZ54LLnJQXU\/edit\">Ver agenda del evento<\/a><\/p>\n<p>Fuente: Agencia de Noticias Univalle<\/p>\n","protected":false},"excerpt":{"rendered":"<p>Expertos y acad\u00e9micos de Argentina, Ecuador, Per\u00fa y Uruguay se reunir\u00e1n durante el ciclo de conferencias sobre Prospectiva e Innovaci\u00f3n, que se llevar\u00e1 a cabo este jueves 7 de diciembre, en el Auditorio Diego Delgadillo de la Facultad de Administraci\u00f3n, a las 8:30 am. Este ciclo es organizado por el[&#8230;]<\/p>\n","protected":false},"author":1,"featured_media":19533,"comment_status":"open","ping_status":"open","sticky":false,"template":"","format":"standard","meta":{"footnotes":""},"categories":[4],"tags":[],"_links":{"self":[{"href":"https:\/\/emisora.univalle.edu.co\/index.php\/wp-json\/wp\/v2\/posts\/19536"}],"collection":[{"href":"https:\/\/emisora.univalle.edu.co\/index.php\/wp-json\/wp\/v2\/posts"}],"about":[{"href":"https:\/\/emisora.univalle.edu.co\/index.php\/wp-json\/wp\/v2\/types\/post"}],"author":[{"embeddable":true,"href":"https:\/\/emisora.univalle.edu.co\/index.php\/wp-json\/wp\/v2\/users\/1"}],"replies":[{"embeddable":true,"href":"https:\/\/emisora.univalle.edu.co\/index.php\/wp-json\/wp\/v2\/comments?post=19536"}],"version-history":[{"count":1,"href":"https:\/\/emisora.univalle.edu.co\/index.php\/wp-json\/wp\/v2\/posts\/19536\/revisions"}],"predecessor-version":[{"id":19537,"href":"https:\/\/emisora.univalle.edu.co\/index.php\/wp-json\/wp\/v2\/posts\/19536\/revisions\/19537"}],"wp:featuredmedia":[{"embeddable":true,"href":"https:\/\/emisora.univalle.edu.co\/index.php\/wp-json\/wp\/v2\/media\/19533"}],"wp:attachment":[{"href":"https:\/\/emisora.univalle.edu.co\/index.php\/wp-json\/wp\/v2\/media?parent=19536"}],"wp:term":[{"taxonomy":"category","embeddable":true,"href":"https:\/\/emisora.univalle.edu.co\/index.php\/wp-json\/wp\/v2\/categories?post=19536"},{"taxonomy":"post_tag","embeddable":true,"href":"https:\/\/emisora.univalle.edu.co\/index.php\/wp-json\/wp\/v2\/tags?post=19536"}],"curies":[{"name":"wp","href":"https:\/\/api.w.org\/{rel}","templated":true}]}}